{"id":50770,"date":"2021-06-18T11:59:26","date_gmt":"2021-06-18T09:59:26","guid":{"rendered":"https:\/\/www.progettifotografici.com\/?p=50770"},"modified":"2023-04-13T12:47:23","modified_gmt":"2023-04-13T10:47:23","slug":"matrimonio-a-villa-aura-del-lago","status":"publish","type":"post","link":"https:\/\/www.progettifotografici.com\/it\/matrimonio-a-villa-aura-del-lago\/","title":{"rendered":"MATRIMONIO A VILLA AURA DEL LAGO"},"content":{"rendered":"\t\t<div data-elementor-type=\"wp-post\" data-elementor-id=\"50770\" class=\"elementor elementor-50770\" data-elementor-post-type=\"post\">\n\t\t\t\t\t\t<section class=\"elementor-section elementor-top-section elementor-element elementor-element-174b4dc elementor-section-stretched elementor-section-full_width elementor-section-height-default elementor-section-height-default\" data-id=\"174b4dc\" data-element_type=\"section\" data-e-type=\"section\" data-settings=\"{&quot;stretch_section&quot;:&quot;section-stretched&quot;,&quot;background_motion_fx_translateY_effect&quot;:&quot;yes&quot;,&quot;background_motion_fx_translateY_speed&quot;:{&quot;unit&quot;:&quot;px&quot;,&quot;size&quot;:4,&quot;sizes&quot;:[]},&quot;background_motion_fx_translateY_affectedRange&quot;:{&quot;unit&quot;:&quot;%&quot;,&quot;size&quot;:&quot;&quot;,&quot;sizes&quot;:{&quot;start&quot;:0,&quot;end&quot;:100}},&quot;background_motion_fx_devices&quot;:[&quot;desktop&quot;,&quot;tablet&quot;,&quot;mobile&quot;]}\">\n\t\t\t\t\t\t<div class=\"elementor-container elementor-column-gap-default\">\n\t\t\t\t\t<div class=\"elementor-column elementor-col-100 elementor-top-column elementor-element elementor-element-01a2f06\" data-id=\"01a2f06\" data-element_type=\"column\" data-e-type=\"column\">\n\t\t\t<div class=\"elementor-widget-wrap elementor-element-populated\">\n\t\t\t\t\t\t<div class=\"elementor-element elementor-element-97437f7 elementor-pagination-position-outside elementor-widget elementor-widget-image-carousel\" data-id=\"97437f7\" data-element_type=\"widget\" data-e-type=\"widget\" data-settings=\"{&quot;slides_to_show&quot;:&quot;2&quot;,&quot;slides_to_scroll&quot;:&quot;1&quot;,&quot;autoplay_speed&quot;:2500,&quot;image_spacing_custom&quot;:{&quot;unit&quot;:&quot;px&quot;,&quot;size&quot;:6,&quot;sizes&quot;:[]},&quot;slides_to_show_mobile&quot;:&quot;1&quot;,&quot;navigation&quot;:&quot;dots&quot;,&quot;autoplay&quot;:&quot;yes&quot;,&quot;pause_on_hover&quot;:&quot;yes&quot;,&quot;pause_on_interaction&quot;:&quot;yes&quot;,&quot;infinite&quot;:&quot;yes&quot;,&quot;speed&quot;:500,&quot;image_spacing_custom_tablet&quot;:{&quot;unit&quot;:&quot;px&quot;,&quot;size&quot;:&quot;&quot;,&quot;sizes&quot;:[]}}\" data-widget_type=\"image-carousel.default\">\n\t\t\t\t<div class=\"elementor-widget-container\">\n\t\t\t\t\t\t\t<div class=\"elementor-image-carousel-wrapper swiper\" role=\"region\" aria-roledescription=\"carousel\" aria-label=\"Carosello d&#039;immagini\" dir=\"ltr\">\n\t\t\t<div class=\"elementor-image-carousel swiper-wrapper swiper-image-stretch\" aria-live=\"off\">\n\t\t\t\t\t\t\t\t<div class=\"swiper-slide\" role=\"group\" aria-roledescription=\"slide\" aria-label=\"1 di 17\"><figure class=\"swiper-slide-inner\"><img decoding=\"async\" class=\"swiper-slide-image\" src=\"https:\/\/www.progettifotografici.com\/wp-content\/uploads\/2020\/08\/tommaso-grossi-limonta-marco-visconti-1080x720.jpg\" alt=\"Un libro di antiquariato sulla vita di Tommaso Grossi parla di Limonta.\" \/><\/figure><\/div><div class=\"swiper-slide\" role=\"group\" aria-roledescription=\"slide\" aria-label=\"2 di 17\"><figure class=\"swiper-slide-inner\"><img decoding=\"async\" class=\"swiper-slide-image\" src=\"https:\/\/www.progettifotografici.com\/wp-content\/uploads\/2020\/08\/villa-aura-del-lago-wedding__214-1080x720.jpg\" alt=\"Pescallo, frazione di Bellagio, vista da Villa Aura del lago. Una coppia di sposi fuori fuoco fa da quinta al paesaggio.\" \/><\/figure><\/div><div class=\"swiper-slide\" role=\"group\" aria-roledescription=\"slide\" aria-label=\"3 di 17\"><figure class=\"swiper-slide-inner\"><img decoding=\"async\" class=\"swiper-slide-image\" src=\"https:\/\/www.progettifotografici.com\/wp-content\/uploads\/2020\/08\/villa-aura-del-lago-photographer__277-1080x720.jpg\" alt=\"Vista di Bellagio da Villa Aura del Lago. Gli sposi sono in primo piano ma fuori fuoco.\" \/><\/figure><\/div><div class=\"swiper-slide\" role=\"group\" aria-roledescription=\"slide\" aria-label=\"4 di 17\"><figure class=\"swiper-slide-inner\"><img decoding=\"async\" class=\"swiper-slide-image\" src=\"https:\/\/www.progettifotografici.com\/wp-content\/uploads\/2020\/08\/villa-aura-del-lago__278-1080x720.jpg\" alt=\"Raggi di sole su Villa Aura del Lago, effetto fotogenico. Bellagio e il Lago di Como sono sullo sfondo.\" \/><\/figure><\/div><div class=\"swiper-slide\" role=\"group\" aria-roledescription=\"slide\" aria-label=\"5 di 17\"><figure class=\"swiper-slide-inner\"><img decoding=\"async\" class=\"swiper-slide-image\" src=\"https:\/\/www.progettifotografici.com\/wp-content\/uploads\/2020\/08\/villa-aura-del-lago-wedding__280-1080x720.jpg\" alt=\"Coppia di sposi sulla balconata di Villa Aura del Lago.\" \/><\/figure><\/div><div class=\"swiper-slide\" role=\"group\" aria-roledescription=\"slide\" aria-label=\"6 di 17\"><figure class=\"swiper-slide-inner\"><img decoding=\"async\" class=\"swiper-slide-image\" src=\"https:\/\/www.progettifotografici.com\/wp-content\/uploads\/2020\/08\/bellagio-1080x720.jpg\" alt=\"Vista di Bellagio presa da Villa Aura del Lago.\" \/><\/figure><\/div><div class=\"swiper-slide\" role=\"group\" aria-roledescription=\"slide\" aria-label=\"7 di 17\"><figure class=\"swiper-slide-inner\"><img decoding=\"async\" class=\"swiper-slide-image\" src=\"https:\/\/www.progettifotografici.com\/wp-content\/uploads\/2020\/08\/villa-aura-del-lago-photographer__272-1080x720.jpg\" alt=\"Di nuovo, la coppia di sposi guarda il lago da Villa Aura del Lago.\" \/><\/figure><\/div><div class=\"swiper-slide\" role=\"group\" aria-roledescription=\"slide\" aria-label=\"8 di 17\"><figure class=\"swiper-slide-inner\"><img decoding=\"async\" class=\"swiper-slide-image\" src=\"https:\/\/www.progettifotografici.com\/wp-content\/uploads\/2020\/08\/lake-como_286-1080x720.jpg\" alt=\"Veduta sulla riva opposta del lago presa da Villa Aura del Lago, Limonta. Si vedono Varenna, Esino Lario e Fiumelatte.\" \/><\/figure><\/div><div class=\"swiper-slide\" role=\"group\" aria-roledescription=\"slide\" aria-label=\"9 di 17\"><figure class=\"swiper-slide-inner\"><img decoding=\"async\" class=\"swiper-slide-image\" src=\"https:\/\/www.progettifotografici.com\/wp-content\/uploads\/2020\/08\/villa-aura-del-lago-wedding__276-1080x720.jpg\" alt=\"Vista del Lago di Como con una coppia di sposi. Immagine ripresa da Villa Aura del Lago\" \/><\/figure><\/div><div class=\"swiper-slide\" role=\"group\" aria-roledescription=\"slide\" aria-label=\"10 di 17\"><figure class=\"swiper-slide-inner\"><img decoding=\"async\" class=\"swiper-slide-image\" src=\"https:\/\/www.progettifotografici.com\/wp-content\/uploads\/2020\/08\/villa-aura-del-lago-wedding-photographer__281-1080x720.jpg\" alt=\"Vista panoramica del lago di Como da Villa Aura del Lago. Una coppia di sposi \u00e8 nella inquadratura.\" \/><\/figure><\/div><div class=\"swiper-slide\" role=\"group\" aria-roledescription=\"slide\" aria-label=\"11 di 17\"><figure class=\"swiper-slide-inner\"><img decoding=\"async\" class=\"swiper-slide-image\" src=\"https:\/\/www.progettifotografici.com\/wp-content\/uploads\/2020\/08\/oliveto-largo-limonta-alta-1080x720.jpg\" alt=\"Vista di Limonta Alta, frazione di Oliveto Lario. Immagine presa dal lago.\" \/><\/figure><\/div><div class=\"swiper-slide\" role=\"group\" aria-roledescription=\"slide\" aria-label=\"12 di 17\"><figure class=\"swiper-slide-inner\"><img decoding=\"async\" class=\"swiper-slide-image\" src=\"https:\/\/www.progettifotografici.com\/wp-content\/uploads\/2020\/08\/villa-aura-del-lago-wedding_283-1080x720.jpg\" alt=\"Coppia di sposi sulla balconata di Villa Aura del Lago.\" \/><\/figure><\/div><div class=\"swiper-slide\" role=\"group\" aria-roledescription=\"slide\" aria-label=\"13 di 17\"><figure class=\"swiper-slide-inner\"><img decoding=\"async\" class=\"swiper-slide-image\" src=\"https:\/\/www.progettifotografici.com\/wp-content\/uploads\/2020\/08\/villa-aura-del-lago-wedding_178-1080x720.jpg\" alt=\"Vista di Villa Aura del Lago, Limonta, frazione di Bellagio. Immagine presa dal lago.\" \/><\/figure><\/div><div class=\"swiper-slide\" role=\"group\" aria-roledescription=\"slide\" aria-label=\"14 di 17\"><figure class=\"swiper-slide-inner\"><img decoding=\"async\" class=\"swiper-slide-image\" src=\"https:\/\/www.progettifotografici.com\/wp-content\/uploads\/2020\/08\/villa-aura-del-lago-wedding__294-1080x720.jpg\" alt=\"Vista sul Lago di Como da Villa Aura del Lago con una coppia di sposi nella inquadratura.\" \/><\/figure><\/div><div class=\"swiper-slide\" role=\"group\" aria-roledescription=\"slide\" aria-label=\"15 di 17\"><figure class=\"swiper-slide-inner\"><img decoding=\"async\" class=\"swiper-slide-image\" src=\"https:\/\/www.progettifotografici.com\/wp-content\/uploads\/2020\/08\/lake-como_295-1080x720.jpg\" alt=\"Vista del Lago di Como da Villa Aura del Lago.\" \/><\/figure><\/div><div class=\"swiper-slide\" role=\"group\" aria-roledescription=\"slide\" aria-label=\"16 di 17\"><figure class=\"swiper-slide-inner\"><img decoding=\"async\" class=\"swiper-slide-image\" src=\"https:\/\/www.progettifotografici.com\/wp-content\/uploads\/2020\/08\/villa-aura-del-lago-wedding-photographer__315-1080x720.jpg\" alt=\"Villa Aura del Lago: una coppia di sposi fuori fuoco fa da quinta su una veduta del Lago di Como.\" \/><\/figure><\/div><div class=\"swiper-slide\" role=\"group\" aria-roledescription=\"slide\" aria-label=\"17 di 17\"><figure class=\"swiper-slide-inner\"><img decoding=\"async\" class=\"swiper-slide-image\" src=\"https:\/\/www.progettifotografici.com\/wp-content\/uploads\/2020\/08\/villa-aura-del-lago-wedding-photographer_316-1080x720.jpg\" alt=\"Villa Aura del Lago: la sposa fuori fuoco fa da quinta a una veduta del Lago di Como.\" \/><\/figure><\/div>\t\t\t<\/div>\n\t\t\t\t\t\t\t\n\t\t\t\t\t\t\t\t\t<div class=\"swiper-pagination\"><\/div>\n\t\t\t\t\t\t\t\t\t<\/div>\n\t\t\t\t\t\t<\/div>\n\t\t\t\t<\/div>\n\t\t\t\t<div class=\"elementor-element elementor-element-20aec60 elementor-widget elementor-widget-gallery\" data-id=\"20aec60\" data-element_type=\"widget\" data-e-type=\"widget\" data-settings=\"{&quot;columns&quot;:1,&quot;gap&quot;:{&quot;unit&quot;:&quot;px&quot;,&quot;size&quot;:6,&quot;sizes&quot;:[]},&quot;lazyload&quot;:&quot;yes&quot;,&quot;gallery_layout&quot;:&quot;grid&quot;,&quot;columns_tablet&quot;:2,&quot;columns_mobile&quot;:1,&quot;gap_tablet&quot;:{&quot;unit&quot;:&quot;px&quot;,&quot;size&quot;:10,&quot;sizes&quot;:[]},&quot;gap_mobile&quot;:{&quot;unit&quot;:&quot;px&quot;,&quot;size&quot;:10,&quot;sizes&quot;:[]},&quot;link_to&quot;:&quot;file&quot;,&quot;aspect_ratio&quot;:&quot;3:2&quot;}\" data-widget_type=\"gallery.default\">\n\t\t\t\t<div class=\"elementor-widget-container\">\n\t\t\t\t\t\t\t<div class=\"elementor-gallery__container\">\n\t\t\t\t\t<\/div>\n\t\t\t\t\t<\/div>\n\t\t\t\t<\/div>\n\t\t\t\t<div class=\"elementor-element elementor-element-73bd5ca elementor-widget elementor-widget-spacer\" data-id=\"73bd5ca\" data-element_type=\"widget\" data-e-type=\"widget\" data-widget_type=\"spacer.default\">\n\t\t\t\t<div class=\"elementor-widget-container\">\n\t\t\t\t\t\t\t<div class=\"elementor-spacer\">\n\t\t\t<div class=\"elementor-spacer-inner\"><\/div>\n\t\t<\/div>\n\t\t\t\t\t\t<\/div>\n\t\t\t\t<\/div>\n\t\t\t\t<section class=\"elementor-section elementor-inner-section elementor-element elementor-element-ca33200 elementor-section-boxed elementor-section-height-default elementor-section-height-default\" data-id=\"ca33200\" data-element_type=\"section\" data-e-type=\"section\">\n\t\t\t\t\t\t<div class=\"elementor-container elementor-column-gap-default\">\n\t\t\t\t\t<div class=\"elementor-column elementor-col-100 elementor-inner-column elementor-element elementor-element-30815e0\" data-id=\"30815e0\" data-element_type=\"column\" data-e-type=\"column\">\n\t\t\t<div class=\"elementor-widget-wrap elementor-element-populated\">\n\t\t\t\t\t\t<div class=\"elementor-element elementor-element-9e7c41d elementor-widget elementor-widget-heading\" data-id=\"9e7c41d\" data-element_type=\"widget\" data-e-type=\"widget\" data-widget_type=\"heading.default\">\n\t\t\t\t<div class=\"elementor-widget-container\">\n\t\t\t\t\t<h1 class=\"elementor-heading-title elementor-size-default\">MATRIMONIO A VILLA AURA DEL LAGO<\/h1>\t\t\t\t<\/div>\n\t\t\t\t<\/div>\n\t\t\t\t<div class=\"elementor-element elementor-element-e38c5bc elementor-widget elementor-widget-spacer\" data-id=\"e38c5bc\" data-element_type=\"widget\" data-e-type=\"widget\" data-widget_type=\"spacer.default\">\n\t\t\t\t<div class=\"elementor-widget-container\">\n\t\t\t\t\t\t\t<div class=\"elementor-spacer\">\n\t\t\t<div class=\"elementor-spacer-inner\"><\/div>\n\t\t<\/div>\n\t\t\t\t\t\t<\/div>\n\t\t\t\t<\/div>\n\t\t\t\t<div class=\"elementor-element elementor-element-7dc6d29 elementor-widget elementor-widget-heading\" data-id=\"7dc6d29\" data-element_type=\"widget\" data-e-type=\"widget\" data-widget_type=\"heading.default\">\n\t\t\t\t<div class=\"elementor-widget-container\">\n\t\t\t\t\t<h2 class=\"elementor-heading-title elementor-size-default\">FROM THE OWNER\u2019S WEDDING<\/h2>\t\t\t\t<\/div>\n\t\t\t\t<\/div>\n\t\t\t\t<div class=\"elementor-element elementor-element-9912a73 elementor-widget elementor-widget-heading\" data-id=\"9912a73\" data-element_type=\"widget\" data-e-type=\"widget\" data-widget_type=\"heading.default\">\n\t\t\t\t<div class=\"elementor-widget-container\">\n\t\t\t\t\t<h3 class=\"elementor-heading-title elementor-size-default\">In the classic wedding photojournalism style<\/h3>\t\t\t\t<\/div>\n\t\t\t\t<\/div>\n\t\t\t\t<div class=\"elementor-element elementor-element-9b3326c elementor-blockquote--skin-border elementor-widget elementor-widget-blockquote\" data-id=\"9b3326c\" data-element_type=\"widget\" data-e-type=\"widget\" data-widget_type=\"blockquote.default\">\n\t\t\t\t<div class=\"elementor-widget-container\">\n\t\t\t\t\t\t\t<blockquote class=\"elementor-blockquote\">\n\t\t\t<p class=\"elementor-blockquote__content\">\n\t\t\t\tWe decided to celebrate our wedding in our native region, in the wonderful location called Corte del Lago, and we selected the best professional able to capture the most significant moments while at the same time valuing all the places we loved.<br>\nWe have chosen Luca for his incredible art in \u201ccarpe diem\u201d, catching the moments, the sensations, the expressions and the colours.<br>\nThe album produced by Luca represents a clear and emotional story of that Day, which will remain in our minds as an unforgettable moment, full of amazing sensations.\n\t\t\t<\/p>\n\t\t\t\t\t\t\t<div class=\"e-q-footer\">\n\t\t\t\t\t\t\t\t\t\t\t<cite class=\"elementor-blockquote__author\">Giulia and Emanuele Guido<\/cite>\n\t\t\t\t\t\t\t\t\t\t\t\t\t\t<\/div>\n\t\t\t\t\t<\/blockquote>\n\t\t\t\t\t\t<\/div>\n\t\t\t\t<\/div>\n\t\t\t\t<div class=\"elementor-element elementor-element-53d3709 elementor-widget elementor-widget-spacer\" data-id=\"53d3709\" data-element_type=\"widget\" data-e-type=\"widget\" data-widget_type=\"spacer.default\">\n\t\t\t\t<div class=\"elementor-widget-container\">\n\t\t\t\t\t\t\t<div class=\"elementor-spacer\">\n\t\t\t<div class=\"elementor-spacer-inner\"><\/div>\n\t\t<\/div>\n\t\t\t\t\t\t<\/div>\n\t\t\t\t<\/div>\n\t\t\t\t<div class=\"elementor-element elementor-element-a027985 elementor-widget elementor-widget-text-editor\" data-id=\"a027985\" data-element_type=\"widget\" data-e-type=\"widget\" data-widget_type=\"text-editor.default\">\n\t\t\t\t<div class=\"elementor-widget-container\">\n\t\t\t\t\t\t\t\t\t<div id=\"brano\">\n<p><strong>Villa Corte del Lago<\/strong> is located in <strong>Poncetta<\/strong>, just outside of <strong>Bellagio<\/strong> (<strong>Lake Como<\/strong>).<br>The main building dates back to the mid XIX century and belongs to the <strong>Guido<\/strong> family since the beginning of the XX century.<\/p>\n<p>After the <strong>wedding ceremony<\/strong> in the <strong>parish church of Limonta Alta<\/strong> (<strong>Oliveto Lario<\/strong>) celebrated by a family friend, the bride and groom planned a further <strong>blessing service<\/strong> at the <strong>Shrine of Madonna del Moletto<\/strong> (Our Lady of the Small Pier), down in the village of Limonta, overlooking the lake and surrounded by olive groves.<\/p>\n<p>Giulia&nbsp;and Emanuele, with families, witnesses and the priest attended the blessing by <strong>the pier<\/strong>, while the rest of the guests were being hosted in the <strong>three boats moored<\/strong> in the cove just in front of them.<br>After this, the couple reached the Villa Corte del Lago in a <strong>row boat<\/strong>. It was 2012, and&#8230; yes I am the photographer of the villa since the beginning of its rental activity!&nbsp;<\/p>\n<\/div>\t\t\t\t\t\t\t\t<\/div>\n\t\t\t\t<\/div>\n\t\t\t\t<div class=\"elementor-element elementor-element-3237eeb elementor-widget elementor-widget-image\" data-id=\"3237eeb\" data-element_type=\"widget\" data-e-type=\"widget\" data-widget_type=\"image.default\">\n\t\t\t\t<div class=\"elementor-widget-container\">\n\t\t\t\t\t\t\t\t\t\t\t\t\t\t\t\t<a href=\"https:\/\/www.progettifotografici.com\/wp-content\/uploads\/2020\/08\/1326guido_lr0799-1.jpg\" data-elementor-open-lightbox=\"yes\" data-e-action-hash=\"#elementor-action%3Aaction%3Dlightbox%26settings%3DeyJpZCI6NDUyMjcsInVybCI6Imh0dHBzOlwvXC93d3cucHJvZ2V0dGlmb3RvZ3JhZmljaS5jb21cL3dwLWNvbnRlbnRcL3VwbG9hZHNcLzIwMjBcLzA4XC92aWxsYS1hdXJhLWRlbC1sYWdvLXdlZGRpbmctYm9hdC5qcGcifQ%3D%3D\">\n\t\t\t\t\t\t\t<img fetchpriority=\"high\" decoding=\"async\" width=\"2240\" height=\"1493\" src=\"https:\/\/www.progettifotografici.com\/wp-content\/uploads\/2020\/08\/villa-aura-del-lago-wedding-boat.jpg\" class=\"attachment-full size-full wp-image-45227\" alt=\"The newlyweds reaching Villa Aura del Lago with three own wooden rowboat.\" srcset=\"https:\/\/www.progettifotografici.com\/wp-content\/uploads\/2020\/08\/villa-aura-del-lago-wedding-boat.jpg 2240w, https:\/\/www.progettifotografici.com\/wp-content\/uploads\/2020\/08\/villa-aura-del-lago-wedding-boat-1080x720.jpg 1080w, https:\/\/www.progettifotografici.com\/wp-content\/uploads\/2020\/08\/villa-aura-del-lago-wedding-boat-722x481.jpg 722w, https:\/\/www.progettifotografici.com\/wp-content\/uploads\/2020\/08\/villa-aura-del-lago-wedding-boat-1536x1024.jpg 1536w, https:\/\/www.progettifotografici.com\/wp-content\/uploads\/2020\/08\/villa-aura-del-lago-wedding-boat-2048x1365.jpg 2048w\" sizes=\"(max-width: 2240px) 100vw, 2240px\" \/>\t\t\t\t\t\t\t\t<\/a>\n\t\t\t\t\t\t\t\t\t\t\t\t\t\t\t<\/div>\n\t\t\t\t<\/div>\n\t\t\t\t<div class=\"elementor-element elementor-element-0b307ab elementor-widget elementor-widget-gallery\" data-id=\"0b307ab\" data-element_type=\"widget\" data-e-type=\"widget\" data-settings=\"{&quot;columns_tablet&quot;:4,&quot;columns_mobile&quot;:2,&quot;gap&quot;:{&quot;unit&quot;:&quot;px&quot;,&quot;size&quot;:6,&quot;sizes&quot;:[]},&quot;gap_tablet&quot;:{&quot;unit&quot;:&quot;px&quot;,&quot;size&quot;:6,&quot;sizes&quot;:[]},&quot;gap_mobile&quot;:{&quot;unit&quot;:&quot;px&quot;,&quot;size&quot;:6,&quot;sizes&quot;:[]},&quot;lazyload&quot;:&quot;yes&quot;,&quot;gallery_layout&quot;:&quot;grid&quot;,&quot;columns&quot;:4,&quot;link_to&quot;:&quot;file&quot;,&quot;aspect_ratio&quot;:&quot;3:2&quot;}\" data-widget_type=\"gallery.default\">\n\t\t\t\t<div class=\"elementor-widget-container\">\n\t\t\t\t\t\t\t<div class=\"elementor-gallery__container\">\n\t\t\t\t\t\t\t<a class=\"e-gallery-item elementor-gallery-item\" href=\"https:\/\/www.progettifotografici.com\/wp-content\/uploads\/2020\/08\/villa-aura-del-lago.jpg\" data-elementor-open-lightbox=\"yes\" data-elementor-lightbox-slideshow=\"0b307ab\" data-e-action-hash=\"#elementor-action%3Aaction%3Dlightbox%26settings%3DeyJpZCI6NDUyMjQsInVybCI6Imh0dHBzOlwvXC93d3cucHJvZ2V0dGlmb3RvZ3JhZmljaS5jb21cL3dwLWNvbnRlbnRcL3VwbG9hZHNcLzIwMjBcLzA4XC92aWxsYS1hdXJhLWRlbC1sYWdvLmpwZyIsInNsaWRlc2hvdyI6IjBiMzA3YWIifQ%3D%3D\">\n\t\t\t\t\t<div class=\"e-gallery-image elementor-gallery-item__image\" data-thumbnail=\"https:\/\/www.progettifotografici.com\/wp-content\/uploads\/2020\/08\/villa-aura-del-lago-722x481.jpg\" data-width=\"722\" data-height=\"481\" aria-label=\"Inizio della galleria fotografica La sposa sta indossando il braccialetto preparato dal fiorista.\" role=\"img\" ><\/div>\n\t\t\t\t\t\t\t\t\t\t\t\t\t\t<\/a>\n\t\t\t\t\t\t\t<a class=\"e-gallery-item elementor-gallery-item\" href=\"https:\/\/www.progettifotografici.com\/wp-content\/uploads\/2020\/08\/villa-aura-del-lago-wedding-owners-31.jpg\" data-elementor-open-lightbox=\"yes\" data-elementor-lightbox-slideshow=\"0b307ab\" data-e-action-hash=\"#elementor-action%3Aaction%3Dlightbox%26settings%3DeyJpZCI6NDUxNTIsInVybCI6Imh0dHBzOlwvXC93d3cucHJvZ2V0dGlmb3RvZ3JhZmljaS5jb21cL3dwLWNvbnRlbnRcL3VwbG9hZHNcLzIwMjBcLzA4XC92aWxsYS1hdXJhLWRlbC1sYWdvLXdlZGRpbmctb3duZXJzLTMxLmpwZyIsInNsaWRlc2hvdyI6IjBiMzA3YWIifQ%3D%3D\">\n\t\t\t\t\t<div class=\"e-gallery-image elementor-gallery-item__image\" data-thumbnail=\"https:\/\/www.progettifotografici.com\/wp-content\/uploads\/2020\/08\/villa-aura-del-lago-wedding-owners-31-722x481.jpg\" data-width=\"722\" data-height=\"481\" aria-label=\"La sposa si avvia verso la chiesa insieme al padre.\" role=\"img\" ><\/div>\n\t\t\t\t\t\t\t\t\t\t\t\t\t\t<\/a>\n\t\t\t\t\t\t\t<a class=\"e-gallery-item elementor-gallery-item\" href=\"https:\/\/www.progettifotografici.com\/wp-content\/uploads\/2020\/08\/parish-church-limonta-alta-oliveto-lario-2.jpg\" data-elementor-open-lightbox=\"yes\" data-elementor-lightbox-slideshow=\"0b307ab\" data-e-action-hash=\"#elementor-action%3Aaction%3Dlightbox%26settings%3DeyJpZCI6NDUxNTQsInVybCI6Imh0dHBzOlwvXC93d3cucHJvZ2V0dGlmb3RvZ3JhZmljaS5jb21cL3dwLWNvbnRlbnRcL3VwbG9hZHNcLzIwMjBcLzA4XC9wYXJpc2gtY2h1cmNoLWxpbW9udGEtYWx0YS1vbGl2ZXRvLWxhcmlvLTIuanBnIiwic2xpZGVzaG93IjoiMGIzMDdhYiJ9\">\n\t\t\t\t\t<div class=\"e-gallery-image elementor-gallery-item__image\" data-thumbnail=\"https:\/\/www.progettifotografici.com\/wp-content\/uploads\/2020\/08\/parish-church-limonta-alta-oliveto-lario-2-722x481.jpg\" data-width=\"722\" data-height=\"481\" aria-label=\"La sposa sta arrivando in chiesa a bordo di un maggiolino verde.\" role=\"img\" ><\/div>\n\t\t\t\t\t\t\t\t\t\t\t\t\t\t<\/a>\n\t\t\t\t\t\t\t<a class=\"e-gallery-item elementor-gallery-item\" href=\"https:\/\/www.progettifotografici.com\/wp-content\/uploads\/2020\/08\/bridal-bouquet.jpg\" data-elementor-open-lightbox=\"yes\" data-elementor-lightbox-slideshow=\"0b307ab\" data-e-action-hash=\"#elementor-action%3Aaction%3Dlightbox%26settings%3DeyJpZCI6NDU2NDcsInVybCI6Imh0dHBzOlwvXC93d3cucHJvZ2V0dGlmb3RvZ3JhZmljaS5jb21cL3dwLWNvbnRlbnRcL3VwbG9hZHNcLzIwMjBcLzA4XC9icmlkYWwtYm91cXVldC5qcGciLCJzbGlkZXNob3ciOiIwYjMwN2FiIn0%3D\">\n\t\t\t\t\t<div class=\"e-gallery-image elementor-gallery-item__image\" data-thumbnail=\"https:\/\/www.progettifotografici.com\/wp-content\/uploads\/2020\/08\/bridal-bouquet-722x481.jpg\" data-width=\"722\" data-height=\"481\" aria-label=\"Il bouquet della sposa.\" role=\"img\" ><\/div>\n\t\t\t\t\t\t\t\t\t\t\t\t\t\t<\/a>\n\t\t\t\t\t\t\t<a class=\"e-gallery-item elementor-gallery-item\" href=\"https:\/\/www.progettifotografici.com\/wp-content\/uploads\/2020\/08\/parish-church-limonta-alta-oliveto-lario-wedding.jpg\" data-elementor-open-lightbox=\"yes\" data-elementor-lightbox-slideshow=\"0b307ab\" data-e-action-hash=\"#elementor-action%3Aaction%3Dlightbox%26settings%3DeyJpZCI6NDUxNTYsInVybCI6Imh0dHBzOlwvXC93d3cucHJvZ2V0dGlmb3RvZ3JhZmljaS5jb21cL3dwLWNvbnRlbnRcL3VwbG9hZHNcLzIwMjBcLzA4XC9wYXJpc2gtY2h1cmNoLWxpbW9udGEtYWx0YS1vbGl2ZXRvLWxhcmlvLXdlZGRpbmcuanBnIiwic2xpZGVzaG93IjoiMGIzMDdhYiJ9\">\n\t\t\t\t\t<div class=\"e-gallery-image elementor-gallery-item__image\" data-thumbnail=\"https:\/\/www.progettifotografici.com\/wp-content\/uploads\/2020\/08\/parish-church-limonta-alta-oliveto-lario-wedding-722x481.jpg\" data-width=\"722\" data-height=\"481\" aria-label=\"Matrimonio alla chiesa di Limonta Alta (Oliveto Lario). Gli sposi appena entrati in chiesa sono ricevuti dai sacerdoti.\" role=\"img\" ><\/div>\n\t\t\t\t\t\t\t\t\t\t\t\t\t\t<\/a>\n\t\t\t\t\t\t\t<a class=\"e-gallery-item elementor-gallery-item\" href=\"https:\/\/www.progettifotografici.com\/wp-content\/uploads\/2020\/08\/wedding-church-oliveto-lario.jpg\" data-elementor-open-lightbox=\"yes\" data-elementor-lightbox-slideshow=\"0b307ab\" data-e-action-hash=\"#elementor-action%3Aaction%3Dlightbox%26settings%3DeyJpZCI6NDUxNTgsInVybCI6Imh0dHBzOlwvXC93d3cucHJvZ2V0dGlmb3RvZ3JhZmljaS5jb21cL3dwLWNvbnRlbnRcL3VwbG9hZHNcLzIwMjBcLzA4XC93ZWRkaW5nLWNodXJjaC1vbGl2ZXRvLWxhcmlvLmpwZyIsInNsaWRlc2hvdyI6IjBiMzA3YWIifQ%3D%3D\">\n\t\t\t\t\t<div class=\"e-gallery-image elementor-gallery-item__image\" data-thumbnail=\"https:\/\/www.progettifotografici.com\/wp-content\/uploads\/2020\/08\/wedding-church-oliveto-lario-722x481.jpg\" data-width=\"722\" data-height=\"481\" aria-label=\"Matrimonio alla chiesa di Limonta Alta (Oliveto Lario), gli sposi sorridono.\" role=\"img\" ><\/div>\n\t\t\t\t\t\t\t\t\t\t\t\t\t\t<\/a>\n\t\t\t\t\t\t\t<a class=\"e-gallery-item elementor-gallery-item\" href=\"https:\/\/www.progettifotografici.com\/wp-content\/uploads\/2020\/08\/wedding-church-limonta-alta-oliveto-lario.jpg\" data-elementor-open-lightbox=\"yes\" data-elementor-lightbox-slideshow=\"0b307ab\" data-e-action-hash=\"#elementor-action%3Aaction%3Dlightbox%26settings%3DeyJpZCI6NDUxNjAsInVybCI6Imh0dHBzOlwvXC93d3cucHJvZ2V0dGlmb3RvZ3JhZmljaS5jb21cL3dwLWNvbnRlbnRcL3VwbG9hZHNcLzIwMjBcLzA4XC93ZWRkaW5nLWNodXJjaC1saW1vbnRhLWFsdGEtb2xpdmV0by1sYXJpby5qcGciLCJzbGlkZXNob3ciOiIwYjMwN2FiIn0%3D\">\n\t\t\t\t\t<div class=\"e-gallery-image elementor-gallery-item__image\" data-thumbnail=\"https:\/\/www.progettifotografici.com\/wp-content\/uploads\/2020\/08\/wedding-church-limonta-alta-oliveto-lario-722x481.jpg\" data-width=\"722\" data-height=\"481\" aria-label=\"Matrimonio alla chiesa di Limonta Alta (Oliveto Lario)\" role=\"img\" ><\/div>\n\t\t\t\t\t\t\t\t\t\t\t\t\t\t<\/a>\n\t\t\t\t\t\t\t<a class=\"e-gallery-item elementor-gallery-item\" href=\"https:\/\/www.progettifotografici.com\/wp-content\/uploads\/2020\/08\/madonna-del-moletto-limonta-bellagio.jpg\" data-elementor-open-lightbox=\"yes\" data-elementor-lightbox-slideshow=\"0b307ab\" data-e-action-hash=\"#elementor-action%3Aaction%3Dlightbox%26settings%3DeyJpZCI6NDUxNjIsInVybCI6Imh0dHBzOlwvXC93d3cucHJvZ2V0dGlmb3RvZ3JhZmljaS5jb21cL3dwLWNvbnRlbnRcL3VwbG9hZHNcLzIwMjBcLzA4XC9tYWRvbm5hLWRlbC1tb2xldHRvLWxpbW9udGEtYmVsbGFnaW8uanBnIiwic2xpZGVzaG93IjoiMGIzMDdhYiJ9\">\n\t\t\t\t\t<div class=\"e-gallery-image elementor-gallery-item__image\" data-thumbnail=\"https:\/\/www.progettifotografici.com\/wp-content\/uploads\/2020\/08\/madonna-del-moletto-limonta-bellagio-722x482.jpg\" data-width=\"722\" data-height=\"482\" aria-label=\"Il santuario della Madonna del Moletto.\" role=\"img\" ><\/div>\n\t\t\t\t\t\t\t\t\t\t\t\t\t\t<\/a>\n\t\t\t\t\t\t\t<a class=\"e-gallery-item elementor-gallery-item\" href=\"https:\/\/www.progettifotografici.com\/wp-content\/uploads\/2020\/08\/lago-di-como-barca-ospiti-matrimonio.jpg\" data-elementor-open-lightbox=\"yes\" data-elementor-lightbox-slideshow=\"0b307ab\" data-e-action-hash=\"#elementor-action%3Aaction%3Dlightbox%26settings%3DeyJpZCI6NDU3MTksInVybCI6Imh0dHBzOlwvXC93d3cucHJvZ2V0dGlmb3RvZ3JhZmljaS5jb21cL3dwLWNvbnRlbnRcL3VwbG9hZHNcLzIwMjBcLzA4XC9sYWdvLWRpLWNvbW8tYmFyY2Etb3NwaXRpLW1hdHJpbW9uaW8uanBnIiwic2xpZGVzaG93IjoiMGIzMDdhYiJ9\">\n\t\t\t\t\t<div class=\"e-gallery-image elementor-gallery-item__image\" data-thumbnail=\"https:\/\/www.progettifotografici.com\/wp-content\/uploads\/2020\/08\/lago-di-como-barca-ospiti-matrimonio-722x481.jpg\" data-width=\"722\" data-height=\"481\" aria-label=\"Una delle barche degli ospiti sta raggiungendo la Madonna del Moletto per la cerimonia di benedizione.\" role=\"img\" ><\/div>\n\t\t\t\t\t\t\t\t\t\t\t\t\t\t<\/a>\n\t\t\t\t\t\t\t<a class=\"e-gallery-item elementor-gallery-item\" href=\"https:\/\/www.progettifotografici.com\/wp-content\/uploads\/2020\/08\/dec.jpg\" data-elementor-open-lightbox=\"yes\" data-elementor-lightbox-slideshow=\"0b307ab\" data-e-action-hash=\"#elementor-action%3Aaction%3Dlightbox%26settings%3DeyJpZCI6NDUxNjQsInVybCI6Imh0dHBzOlwvXC93d3cucHJvZ2V0dGlmb3RvZ3JhZmljaS5jb21cL3dwLWNvbnRlbnRcL3VwbG9hZHNcLzIwMjBcLzA4XC9kZWMuanBnIiwic2xpZGVzaG93IjoiMGIzMDdhYiJ9\">\n\t\t\t\t\t<div class=\"e-gallery-image elementor-gallery-item__image\" data-thumbnail=\"https:\/\/www.progettifotografici.com\/wp-content\/uploads\/2020\/08\/dec-722x481.jpg\" data-width=\"722\" data-height=\"481\" aria-label=\"Ospiti sul battello.\" role=\"img\" ><\/div>\n\t\t\t\t\t\t\t\t\t\t\t\t\t\t<\/a>\n\t\t\t\t\t\t\t<a class=\"e-gallery-item elementor-gallery-item\" href=\"https:\/\/www.progettifotografici.com\/wp-content\/uploads\/2020\/08\/madonna-del-moletto-blessing-1.jpg\" data-elementor-open-lightbox=\"yes\" data-elementor-lightbox-slideshow=\"0b307ab\" data-e-action-hash=\"#elementor-action%3Aaction%3Dlightbox%26settings%3DeyJpZCI6NDUxNzIsInVybCI6Imh0dHBzOlwvXC93d3cucHJvZ2V0dGlmb3RvZ3JhZmljaS5jb21cL3dwLWNvbnRlbnRcL3VwbG9hZHNcLzIwMjBcLzA4XC9tYWRvbm5hLWRlbC1tb2xldHRvLWJsZXNzaW5nLTEuanBnIiwic2xpZGVzaG93IjoiMGIzMDdhYiJ9\">\n\t\t\t\t\t<div class=\"e-gallery-image elementor-gallery-item__image\" data-thumbnail=\"https:\/\/www.progettifotografici.com\/wp-content\/uploads\/2020\/08\/madonna-del-moletto-blessing-1-722x481.jpg\" data-width=\"722\" data-height=\"481\" aria-label=\"Santuario della Madonna del Moletto, gli invitati assistono alla cerimonia di benedizione dalle barche.\" role=\"img\" ><\/div>\n\t\t\t\t\t\t\t\t\t\t\t\t\t\t<\/a>\n\t\t\t\t\t\t\t<a class=\"e-gallery-item elementor-gallery-item\" href=\"https:\/\/www.progettifotografici.com\/wp-content\/uploads\/2020\/08\/villa-aura-del-lago-blessing.jpg\" data-elementor-open-lightbox=\"yes\" data-elementor-lightbox-slideshow=\"0b307ab\" data-e-action-hash=\"#elementor-action%3Aaction%3Dlightbox%26settings%3DeyJpZCI6NDUxNzAsInVybCI6Imh0dHBzOlwvXC93d3cucHJvZ2V0dGlmb3RvZ3JhZmljaS5jb21cL3dwLWNvbnRlbnRcL3VwbG9hZHNcLzIwMjBcLzA4XC92aWxsYS1hdXJhLWRlbC1sYWdvLWJsZXNzaW5nLmpwZyIsInNsaWRlc2hvdyI6IjBiMzA3YWIifQ%3D%3D\">\n\t\t\t\t\t<div class=\"e-gallery-image elementor-gallery-item__image\" data-thumbnail=\"https:\/\/www.progettifotografici.com\/wp-content\/uploads\/2020\/08\/villa-aura-del-lago-blessing-722x481.jpg\" data-width=\"722\" data-height=\"481\" aria-label=\"Cerimonia di benedizione alla Madonna del Moletto.\" role=\"img\" ><\/div>\n\t\t\t\t\t\t\t\t\t\t\t\t\t\t<\/a>\n\t\t\t\t\t\t\t<a class=\"e-gallery-item elementor-gallery-item\" href=\"https:\/\/www.progettifotografici.com\/wp-content\/uploads\/2020\/08\/villa-aura-del-lago-blessing-23.jpg\" data-elementor-open-lightbox=\"yes\" data-elementor-lightbox-slideshow=\"0b307ab\" data-e-action-hash=\"#elementor-action%3Aaction%3Dlightbox%26settings%3DeyJpZCI6NDUxNjgsInVybCI6Imh0dHBzOlwvXC93d3cucHJvZ2V0dGlmb3RvZ3JhZmljaS5jb21cL3dwLWNvbnRlbnRcL3VwbG9hZHNcLzIwMjBcLzA4XC92aWxsYS1hdXJhLWRlbC1sYWdvLWJsZXNzaW5nLTIzLmpwZyIsInNsaWRlc2hvdyI6IjBiMzA3YWIifQ%3D%3D\">\n\t\t\t\t\t<div class=\"e-gallery-image elementor-gallery-item__image\" data-thumbnail=\"https:\/\/www.progettifotografici.com\/wp-content\/uploads\/2020\/08\/villa-aura-del-lago-blessing-23-722x481.jpg\" data-width=\"722\" data-height=\"481\" aria-label=\"Cerimonia di benedizione al Santuario della Madonna del Moletto, inquadratura da una delle barche.\" role=\"img\" ><\/div>\n\t\t\t\t\t\t\t\t\t\t\t\t\t\t<\/a>\n\t\t\t\t\t\t\t<a class=\"e-gallery-item elementor-gallery-item\" href=\"https:\/\/www.progettifotografici.com\/wp-content\/uploads\/2020\/08\/villa-aura-del-lago-wedding-rowboat.jpg\" data-elementor-open-lightbox=\"yes\" data-elementor-lightbox-slideshow=\"0b307ab\" data-e-action-hash=\"#elementor-action%3Aaction%3Dlightbox%26settings%3DeyJpZCI6NDUxNzQsInVybCI6Imh0dHBzOlwvXC93d3cucHJvZ2V0dGlmb3RvZ3JhZmljaS5jb21cL3dwLWNvbnRlbnRcL3VwbG9hZHNcLzIwMjBcLzA4XC92aWxsYS1hdXJhLWRlbC1sYWdvLXdlZGRpbmctcm93Ym9hdC5qcGciLCJzbGlkZXNob3ciOiIwYjMwN2FiIn0%3D\">\n\t\t\t\t\t<div class=\"e-gallery-image elementor-gallery-item__image\" data-thumbnail=\"https:\/\/www.progettifotografici.com\/wp-content\/uploads\/2020\/08\/villa-aura-del-lago-wedding-rowboat-722x481.jpg\" data-width=\"722\" data-height=\"481\" aria-label=\"Gli sposi raggiungono la villa in barca a remi.\" role=\"img\" ><\/div>\n\t\t\t\t\t\t\t\t\t\t\t\t\t\t<\/a>\n\t\t\t\t\t\t\t<a class=\"e-gallery-item elementor-gallery-item\" href=\"https:\/\/www.progettifotografici.com\/wp-content\/uploads\/2020\/08\/villa-aura-del-lago-wedding-reception.jpg\" data-elementor-open-lightbox=\"yes\" data-elementor-lightbox-slideshow=\"0b307ab\" data-e-action-hash=\"#elementor-action%3Aaction%3Dlightbox%26settings%3DeyJpZCI6NDUxNzYsInVybCI6Imh0dHBzOlwvXC93d3cucHJvZ2V0dGlmb3RvZ3JhZmljaS5jb21cL3dwLWNvbnRlbnRcL3VwbG9hZHNcLzIwMjBcLzA4XC92aWxsYS1hdXJhLWRlbC1sYWdvLXdlZGRpbmctcmVjZXB0aW9uLmpwZyIsInNsaWRlc2hvdyI6IjBiMzA3YWIifQ%3D%3D\">\n\t\t\t\t\t<div class=\"e-gallery-image elementor-gallery-item__image\" data-thumbnail=\"https:\/\/www.progettifotografici.com\/wp-content\/uploads\/2020\/08\/villa-aura-del-lago-wedding-reception-722x481.jpg\" data-width=\"722\" data-height=\"481\" aria-label=\"Villa Aura del Lago vista dall&#039;acqua.\" role=\"img\" ><\/div>\n\t\t\t\t\t\t\t\t\t\t\t\t\t\t<\/a>\n\t\t\t\t\t\t\t<a class=\"e-gallery-item elementor-gallery-item\" href=\"https:\/\/www.progettifotografici.com\/wp-content\/uploads\/2020\/08\/villa-aura-del-lago-wedding-buffet.jpg\" data-elementor-open-lightbox=\"yes\" data-elementor-lightbox-slideshow=\"0b307ab\" data-e-action-hash=\"#elementor-action%3Aaction%3Dlightbox%26settings%3DeyJpZCI6NDUxNzgsInVybCI6Imh0dHBzOlwvXC93d3cucHJvZ2V0dGlmb3RvZ3JhZmljaS5jb21cL3dwLWNvbnRlbnRcL3VwbG9hZHNcLzIwMjBcLzA4XC92aWxsYS1hdXJhLWRlbC1sYWdvLXdlZGRpbmctYnVmZmV0LmpwZyIsInNsaWRlc2hvdyI6IjBiMzA3YWIifQ%3D%3D\">\n\t\t\t\t\t<div class=\"e-gallery-image elementor-gallery-item__image\" data-thumbnail=\"https:\/\/www.progettifotografici.com\/wp-content\/uploads\/2020\/08\/villa-aura-del-lago-wedding-buffet-722x473.jpg\" data-width=\"722\" data-height=\"473\" aria-label=\"Tavolo del buffet con una portata a forma di barchetta.\" role=\"img\" ><\/div>\n\t\t\t\t\t\t\t\t\t\t\t\t\t\t<\/a>\n\t\t\t\t\t\t\t<a class=\"e-gallery-item elementor-gallery-item\" href=\"https:\/\/www.progettifotografici.com\/wp-content\/uploads\/2020\/08\/villa-aura-del-lago-blue-hour.jpg\" data-elementor-open-lightbox=\"yes\" data-elementor-lightbox-slideshow=\"0b307ab\" data-e-action-hash=\"#elementor-action%3Aaction%3Dlightbox%26settings%3DeyJpZCI6NDUxOTYsInVybCI6Imh0dHBzOlwvXC93d3cucHJvZ2V0dGlmb3RvZ3JhZmljaS5jb21cL3dwLWNvbnRlbnRcL3VwbG9hZHNcLzIwMjBcLzA4XC92aWxsYS1hdXJhLWRlbC1sYWdvLWJsdWUtaG91ci5qcGciLCJzbGlkZXNob3ciOiIwYjMwN2FiIn0%3D\">\n\t\t\t\t\t<div class=\"e-gallery-image elementor-gallery-item__image\" data-thumbnail=\"https:\/\/www.progettifotografici.com\/wp-content\/uploads\/2020\/08\/villa-aura-del-lago-blue-hour-722x481.jpg\" data-width=\"722\" data-height=\"481\" aria-label=\"Paesaggio all&#039;ora blu da Villa Aura del Lago.\" role=\"img\" ><\/div>\n\t\t\t\t\t\t\t\t\t\t\t\t\t\t<\/a>\n\t\t\t\t\t\t\t<a class=\"e-gallery-item elementor-gallery-item\" href=\"https:\/\/www.progettifotografici.com\/wp-content\/uploads\/2020\/08\/villa-aura-del-lago-wedding-sparkling-stars.jpg\" data-elementor-open-lightbox=\"yes\" data-elementor-lightbox-slideshow=\"0b307ab\" data-e-action-hash=\"#elementor-action%3Aaction%3Dlightbox%26settings%3DeyJpZCI6NDUxOTAsInVybCI6Imh0dHBzOlwvXC93d3cucHJvZ2V0dGlmb3RvZ3JhZmljaS5jb21cL3dwLWNvbnRlbnRcL3VwbG9hZHNcLzIwMjBcLzA4XC92aWxsYS1hdXJhLWRlbC1sYWdvLXdlZGRpbmctc3BhcmtsaW5nLXN0YXJzLmpwZyIsInNsaWRlc2hvdyI6IjBiMzA3YWIifQ%3D%3D\">\n\t\t\t\t\t<div class=\"e-gallery-image elementor-gallery-item__image\" data-thumbnail=\"https:\/\/www.progettifotografici.com\/wp-content\/uploads\/2020\/08\/villa-aura-del-lago-wedding-sparkling-stars-722x480.jpg\" data-width=\"722\" data-height=\"480\" aria-label=\"Stelline luccicanti a filo d&#039;acqua come coreografia.\" role=\"img\" ><\/div>\n\t\t\t\t\t\t\t\t\t\t\t\t\t\t<\/a>\n\t\t\t\t\t\t\t<a class=\"e-gallery-item elementor-gallery-item\" href=\"https:\/\/www.progettifotografici.com\/wp-content\/uploads\/2020\/08\/villa-aura-del-lago-wedding-fireworks-03.jpg\" data-elementor-open-lightbox=\"yes\" data-elementor-lightbox-slideshow=\"0b307ab\" data-e-action-hash=\"#elementor-action%3Aaction%3Dlightbox%26settings%3DeyJpZCI6NDUxODgsInVybCI6Imh0dHBzOlwvXC93d3cucHJvZ2V0dGlmb3RvZ3JhZmljaS5jb21cL3dwLWNvbnRlbnRcL3VwbG9hZHNcLzIwMjBcLzA4XC92aWxsYS1hdXJhLWRlbC1sYWdvLXdlZGRpbmctZmlyZXdvcmtzLTAzLmpwZyIsInNsaWRlc2hvdyI6IjBiMzA3YWIifQ%3D%3D\">\n\t\t\t\t\t<div class=\"e-gallery-image elementor-gallery-item__image\" data-thumbnail=\"https:\/\/www.progettifotografici.com\/wp-content\/uploads\/2020\/08\/villa-aura-del-lago-wedding-fireworks-03-722x481.jpg\" data-width=\"722\" data-height=\"481\" aria-label=\"Gli invitati guardano i fuochi artificiali.\" role=\"img\" ><\/div>\n\t\t\t\t\t\t\t\t\t\t\t\t\t\t<\/a>\n\t\t\t\t\t\t\t<a class=\"e-gallery-item elementor-gallery-item\" href=\"https:\/\/www.progettifotografici.com\/wp-content\/uploads\/2020\/08\/villa-aura-del-lago-wedding-fireworks-4.jpg\" data-elementor-open-lightbox=\"yes\" data-elementor-lightbox-slideshow=\"0b307ab\" data-e-action-hash=\"#elementor-action%3Aaction%3Dlightbox%26settings%3DeyJpZCI6NDUxODYsInVybCI6Imh0dHBzOlwvXC93d3cucHJvZ2V0dGlmb3RvZ3JhZmljaS5jb21cL3dwLWNvbnRlbnRcL3VwbG9hZHNcLzIwMjBcLzA4XC92aWxsYS1hdXJhLWRlbC1sYWdvLXdlZGRpbmctZmlyZXdvcmtzLTQuanBnIiwic2xpZGVzaG93IjoiMGIzMDdhYiJ9\">\n\t\t\t\t\t<div class=\"e-gallery-image elementor-gallery-item__image\" data-thumbnail=\"https:\/\/www.progettifotografici.com\/wp-content\/uploads\/2020\/08\/villa-aura-del-lago-wedding-fireworks-4-722x481.jpg\" data-width=\"722\" data-height=\"481\" aria-label=\"Inquadratura con i fuochi artificiali alla Villa Aura del Lago.\" role=\"img\" ><\/div>\n\t\t\t\t\t\t\t\t\t\t\t\t\t\t<\/a>\n\t\t\t\t\t\t\t<a class=\"e-gallery-item elementor-gallery-item\" href=\"https:\/\/www.progettifotografici.com\/wp-content\/uploads\/2020\/08\/villa-aura-del-lago-wedding-fireworks-02.jpg\" data-elementor-open-lightbox=\"yes\" data-elementor-lightbox-slideshow=\"0b307ab\" data-e-action-hash=\"#elementor-action%3Aaction%3Dlightbox%26settings%3DeyJpZCI6NDUxOTIsInVybCI6Imh0dHBzOlwvXC93d3cucHJvZ2V0dGlmb3RvZ3JhZmljaS5jb21cL3dwLWNvbnRlbnRcL3VwbG9hZHNcLzIwMjBcLzA4XC92aWxsYS1hdXJhLWRlbC1sYWdvLXdlZGRpbmctZmlyZXdvcmtzLTAyLmpwZyIsInNsaWRlc2hvdyI6IjBiMzA3YWIifQ%3D%3D\">\n\t\t\t\t\t<div class=\"e-gallery-image elementor-gallery-item__image\" data-thumbnail=\"https:\/\/www.progettifotografici.com\/wp-content\/uploads\/2020\/08\/villa-aura-del-lago-wedding-fireworks-02-722x480.jpg\" data-width=\"722\" data-height=\"480\" aria-label=\"Fuochi d&#039;artificio a Villa Aura del Lago.\" role=\"img\" ><\/div>\n\t\t\t\t\t\t\t\t\t\t\t\t\t\t<\/a>\n\t\t\t\t\t\t\t<a class=\"e-gallery-item elementor-gallery-item\" href=\"https:\/\/www.progettifotografici.com\/wp-content\/uploads\/2020\/08\/villa-aura-del-lago-wedding-fireworks-01.jpg\" data-elementor-open-lightbox=\"yes\" data-elementor-lightbox-slideshow=\"0b307ab\" data-e-action-hash=\"#elementor-action%3Aaction%3Dlightbox%26settings%3DeyJpZCI6NDUxOTQsInVybCI6Imh0dHBzOlwvXC93d3cucHJvZ2V0dGlmb3RvZ3JhZmljaS5jb21cL3dwLWNvbnRlbnRcL3VwbG9hZHNcLzIwMjBcLzA4XC92aWxsYS1hdXJhLWRlbC1sYWdvLXdlZGRpbmctZmlyZXdvcmtzLTAxLmpwZyIsInNsaWRlc2hvdyI6IjBiMzA3YWIifQ%3D%3D\">\n\t\t\t\t\t<div class=\"e-gallery-image elementor-gallery-item__image\" data-thumbnail=\"https:\/\/www.progettifotografici.com\/wp-content\/uploads\/2020\/08\/villa-aura-del-lago-wedding-fireworks-01-722x482.jpg\" data-width=\"722\" data-height=\"482\" aria-label=\"Gli invitati guardano i fuochi d&#039;artificio insieme agli sposi.\" role=\"img\" ><\/div>\n\t\t\t\t\t\t\t\t\t\t\t\t\t\t<\/a>\n\t\t\t\t\t\t\t<a class=\"e-gallery-item elementor-gallery-item\" href=\"https:\/\/www.progettifotografici.com\/wp-content\/uploads\/2020\/08\/villa-aura-del-lago-wedding-fireworks-05.jpg\" data-elementor-open-lightbox=\"yes\" data-elementor-lightbox-slideshow=\"0b307ab\" data-e-action-hash=\"#elementor-action%3Aaction%3Dlightbox%26settings%3DeyJpZCI6NDUxODQsInVybCI6Imh0dHBzOlwvXC93d3cucHJvZ2V0dGlmb3RvZ3JhZmljaS5jb21cL3dwLWNvbnRlbnRcL3VwbG9hZHNcLzIwMjBcLzA4XC92aWxsYS1hdXJhLWRlbC1sYWdvLXdlZGRpbmctZmlyZXdvcmtzLTA1LmpwZyIsInNsaWRlc2hvdyI6IjBiMzA3YWIifQ%3D%3D\">\n\t\t\t\t\t<div class=\"e-gallery-image elementor-gallery-item__image\" data-thumbnail=\"https:\/\/www.progettifotografici.com\/wp-content\/uploads\/2020\/08\/villa-aura-del-lago-wedding-fireworks-05-722x481.jpg\" data-width=\"722\" data-height=\"481\" aria-label=\"Villa Aura del Lago: gli sposi mentre guardano i fuochi artificiali.\" role=\"img\" ><\/div>\n\t\t\t\t\t\t\t\t\t\t\t\t\t\t<\/a>\n\t\t\t\t\t\t\t<a class=\"e-gallery-item elementor-gallery-item\" href=\"https:\/\/www.progettifotografici.com\/wp-content\/uploads\/2020\/08\/villa-aura-del-lago-wedding-bouquet-toss-groom.jpg\" data-elementor-open-lightbox=\"yes\" data-elementor-lightbox-slideshow=\"0b307ab\" data-e-action-hash=\"#elementor-action%3Aaction%3Dlightbox%26settings%3DeyJpZCI6NDUyMDIsInVybCI6Imh0dHBzOlwvXC93d3cucHJvZ2V0dGlmb3RvZ3JhZmljaS5jb21cL3dwLWNvbnRlbnRcL3VwbG9hZHNcLzIwMjBcLzA4XC92aWxsYS1hdXJhLWRlbC1sYWdvLXdlZGRpbmctYm91cXVldC10b3NzLWdyb29tLmpwZyIsInNsaWRlc2hvdyI6IjBiMzA3YWIifQ%3D%3D\">\n\t\t\t\t\t<div class=\"e-gallery-image elementor-gallery-item__image\" data-thumbnail=\"https:\/\/www.progettifotografici.com\/wp-content\/uploads\/2020\/08\/villa-aura-del-lago-wedding-bouquet-toss-groom-722x481.jpg\" data-width=\"722\" data-height=\"481\" aria-label=\"Lo sposo annuncia il lancio del bouquet.\" role=\"img\" ><\/div>\n\t\t\t\t\t\t\t\t\t\t\t\t\t\t<\/a>\n\t\t\t\t\t\t\t<a class=\"e-gallery-item elementor-gallery-item\" href=\"https:\/\/www.progettifotografici.com\/wp-content\/uploads\/2020\/08\/villa-aura-del-lago-wedding-owners-07.jpg\" data-elementor-open-lightbox=\"yes\" data-elementor-lightbox-slideshow=\"0b307ab\" data-e-action-hash=\"#elementor-action%3Aaction%3Dlightbox%26settings%3DeyJpZCI6NDUyMDQsInVybCI6Imh0dHBzOlwvXC93d3cucHJvZ2V0dGlmb3RvZ3JhZmljaS5jb21cL3dwLWNvbnRlbnRcL3VwbG9hZHNcLzIwMjBcLzA4XC92aWxsYS1hdXJhLWRlbC1sYWdvLXdlZGRpbmctb3duZXJzLTA3LmpwZyIsInNsaWRlc2hvdyI6IjBiMzA3YWIifQ%3D%3D\">\n\t\t\t\t\t<div class=\"e-gallery-image elementor-gallery-item__image\" data-thumbnail=\"https:\/\/www.progettifotografici.com\/wp-content\/uploads\/2020\/08\/villa-aura-del-lago-wedding-owners-07-722x482.jpg\" data-width=\"722\" data-height=\"482\" aria-label=\"Una fila di ragazze festeggia gli sposi.\" role=\"img\" ><\/div>\n\t\t\t\t\t\t\t\t\t\t\t\t\t\t<\/a>\n\t\t\t\t\t\t\t<a class=\"e-gallery-item elementor-gallery-item\" href=\"https:\/\/www.progettifotografici.com\/wp-content\/uploads\/2020\/08\/villa-aura-del-lago-wedding-wedding-cake.jpg\" data-elementor-open-lightbox=\"yes\" data-elementor-lightbox-slideshow=\"0b307ab\" data-e-action-hash=\"#elementor-action%3Aaction%3Dlightbox%26settings%3DeyJpZCI6NDUyMDYsInVybCI6Imh0dHBzOlwvXC93d3cucHJvZ2V0dGlmb3RvZ3JhZmljaS5jb21cL3dwLWNvbnRlbnRcL3VwbG9hZHNcLzIwMjBcLzA4XC92aWxsYS1hdXJhLWRlbC1sYWdvLXdlZGRpbmctd2VkZGluZy1jYWtlLmpwZyIsInNsaWRlc2hvdyI6IjBiMzA3YWIifQ%3D%3D\">\n\t\t\t\t\t<div class=\"e-gallery-image elementor-gallery-item__image\" data-thumbnail=\"https:\/\/www.progettifotografici.com\/wp-content\/uploads\/2020\/08\/villa-aura-del-lago-wedding-wedding-cake-722x481.jpg\" data-width=\"722\" data-height=\"481\" aria-label=\"Arriva la torta!\" role=\"img\" ><\/div>\n\t\t\t\t\t\t\t\t\t\t\t\t\t\t<\/a>\n\t\t\t\t\t\t\t<a class=\"e-gallery-item elementor-gallery-item\" href=\"https:\/\/www.progettifotografici.com\/wp-content\/uploads\/2020\/08\/villa-aura-del-lago-wedding-reception-guests.jpg\" data-elementor-open-lightbox=\"yes\" data-elementor-lightbox-slideshow=\"0b307ab\" data-e-action-hash=\"#elementor-action%3Aaction%3Dlightbox%26settings%3DeyJpZCI6NDUyMDgsInVybCI6Imh0dHBzOlwvXC93d3cucHJvZ2V0dGlmb3RvZ3JhZmljaS5jb21cL3dwLWNvbnRlbnRcL3VwbG9hZHNcLzIwMjBcLzA4XC92aWxsYS1hdXJhLWRlbC1sYWdvLXdlZGRpbmctcmVjZXB0aW9uLWd1ZXN0cy5qcGciLCJzbGlkZXNob3ciOiIwYjMwN2FiIn0%3D\">\n\t\t\t\t\t<div class=\"e-gallery-image elementor-gallery-item__image\" data-thumbnail=\"https:\/\/www.progettifotografici.com\/wp-content\/uploads\/2020\/08\/villa-aura-del-lago-wedding-reception-guests-722x481.jpg\" data-width=\"722\" data-height=\"481\" aria-label=\"Gli invitati festeggiano gli sposi.\" role=\"img\" ><\/div>\n\t\t\t\t\t\t\t\t\t\t\t\t\t\t<\/a>\n\t\t\t\t\t\t\t<a class=\"e-gallery-item elementor-gallery-item\" href=\"https:\/\/www.progettifotografici.com\/wp-content\/uploads\/2020\/08\/villa-aura-del-lago-bouquet-toss.jpg\" data-elementor-open-lightbox=\"yes\" data-elementor-lightbox-slideshow=\"0b307ab\" data-e-action-hash=\"#elementor-action%3Aaction%3Dlightbox%26settings%3DeyJpZCI6NDUyMTIsInVybCI6Imh0dHBzOlwvXC93d3cucHJvZ2V0dGlmb3RvZ3JhZmljaS5jb21cL3dwLWNvbnRlbnRcL3VwbG9hZHNcLzIwMjBcLzA4XC92aWxsYS1hdXJhLWRlbC1sYWdvLWJvdXF1ZXQtdG9zcy5qcGciLCJzbGlkZXNob3ciOiIwYjMwN2FiIn0%3D\">\n\t\t\t\t\t<div class=\"e-gallery-image elementor-gallery-item__image\" data-thumbnail=\"https:\/\/www.progettifotografici.com\/wp-content\/uploads\/2020\/08\/villa-aura-del-lago-bouquet-toss-722x481.jpg\" data-width=\"722\" data-height=\"481\" aria-label=\"Il lancio del bouquet.\" role=\"img\" ><\/div>\n\t\t\t\t\t\t\t\t\t\t\t\t\t\t<\/a>\n\t\t\t\t\t\t\t<a class=\"e-gallery-item elementor-gallery-item\" href=\"https:\/\/www.progettifotografici.com\/wp-content\/uploads\/2020\/08\/famiglia-guido.jpg\" data-elementor-open-lightbox=\"yes\" data-elementor-lightbox-slideshow=\"0b307ab\" data-e-action-hash=\"#elementor-action%3Aaction%3Dlightbox%26settings%3DeyJpZCI6NDU2NDMsInVybCI6Imh0dHBzOlwvXC93d3cucHJvZ2V0dGlmb3RvZ3JhZmljaS5jb21cL3dwLWNvbnRlbnRcL3VwbG9hZHNcLzIwMjBcLzA4XC9mYW1pZ2xpYS1ndWlkby5qcGciLCJzbGlkZXNob3ciOiIwYjMwN2FiIn0%3D\">\n\t\t\t\t\t<div class=\"e-gallery-image elementor-gallery-item__image\" data-thumbnail=\"https:\/\/www.progettifotografici.com\/wp-content\/uploads\/2020\/08\/famiglia-guido-722x481.jpg\" data-width=\"722\" data-height=\"481\" aria-label=\"Villa Aura del Lago. Il matrimonio della famiglia Guido.\" role=\"img\" ><\/div>\n\t\t\t\t\t\t\t\t\t\t\t\t\t\t<\/a>\n\t\t\t\t\t\t\t<a class=\"e-gallery-item elementor-gallery-item\" href=\"https:\/\/www.progettifotografici.com\/wp-content\/uploads\/2020\/08\/villa-aura-del-lago-wedding-toast.jpg\" data-elementor-open-lightbox=\"yes\" data-elementor-lightbox-slideshow=\"0b307ab\" data-e-action-hash=\"#elementor-action%3Aaction%3Dlightbox%26settings%3DeyJpZCI6NDUyMTAsInVybCI6Imh0dHBzOlwvXC93d3cucHJvZ2V0dGlmb3RvZ3JhZmljaS5jb21cL3dwLWNvbnRlbnRcL3VwbG9hZHNcLzIwMjBcLzA4XC92aWxsYS1hdXJhLWRlbC1sYWdvLXdlZGRpbmctdG9hc3QuanBnIiwic2xpZGVzaG93IjoiMGIzMDdhYiJ9\">\n\t\t\t\t\t<div class=\"e-gallery-image elementor-gallery-item__image\" data-thumbnail=\"https:\/\/www.progettifotografici.com\/wp-content\/uploads\/2020\/08\/villa-aura-del-lago-wedding-toast-722x481.jpg\" data-width=\"722\" data-height=\"481\" aria-label=\"Brindisi degli sposi dopo il taglio della torta.\" role=\"img\" ><\/div>\n\t\t\t\t\t\t\t\t\t\t\t\t\t\t<\/a>\n\t\t\t\t\t\t\t<a class=\"e-gallery-item elementor-gallery-item\" href=\"https:\/\/www.progettifotografici.com\/wp-content\/uploads\/2020\/08\/villa-aura-del-lago-wedding-red-socks-tight.jpg\" data-elementor-open-lightbox=\"yes\" data-elementor-lightbox-slideshow=\"0b307ab\" data-e-action-hash=\"#elementor-action%3Aaction%3Dlightbox%26settings%3DeyJpZCI6NDUxOTgsInVybCI6Imh0dHBzOlwvXC93d3cucHJvZ2V0dGlmb3RvZ3JhZmljaS5jb21cL3dwLWNvbnRlbnRcL3VwbG9hZHNcLzIwMjBcLzA4XC92aWxsYS1hdXJhLWRlbC1sYWdvLXdlZGRpbmctcmVkLXNvY2tzLXRpZ2h0LmpwZyIsInNsaWRlc2hvdyI6IjBiMzA3YWIifQ%3D%3D\">\n\t\t\t\t\t<div class=\"e-gallery-image elementor-gallery-item__image\" data-thumbnail=\"https:\/\/www.progettifotografici.com\/wp-content\/uploads\/2020\/08\/villa-aura-del-lago-wedding-red-socks-tight-722x481.jpg\" data-width=\"722\" data-height=\"481\" aria-label=\"Calzini rossi per i testimoni che indossano il tight.\" role=\"img\" ><\/div>\n\t\t\t\t\t\t\t\t\t\t\t\t\t\t<\/a>\n\t\t\t\t\t\t\t<a class=\"e-gallery-item elementor-gallery-item\" href=\"https:\/\/www.progettifotografici.com\/wp-content\/uploads\/2020\/08\/groom-ring.jpg\" data-elementor-open-lightbox=\"yes\" data-elementor-lightbox-slideshow=\"0b307ab\" data-e-action-hash=\"#elementor-action%3Aaction%3Dlightbox%26settings%3DeyJpZCI6NDUyMTQsInVybCI6Imh0dHBzOlwvXC93d3cucHJvZ2V0dGlmb3RvZ3JhZmljaS5jb21cL3dwLWNvbnRlbnRcL3VwbG9hZHNcLzIwMjBcLzA4XC9ncm9vbS1yaW5nLmpwZyIsInNsaWRlc2hvdyI6IjBiMzA3YWIifQ%3D%3D\">\n\t\t\t\t\t<div class=\"e-gallery-image elementor-gallery-item__image\" data-thumbnail=\"https:\/\/www.progettifotografici.com\/wp-content\/uploads\/2020\/08\/groom-ring-722x481.jpg\" data-width=\"722\" data-height=\"481\" aria-label=\"Dettaglio della mano dello sposo con l&#039;anello.\" role=\"img\" ><\/div>\n\t\t\t\t\t\t\t\t\t\t\t\t\t\t<\/a>\n\t\t\t\t\t<\/div>\n\t\t\t\t\t<\/div>\n\t\t\t\t<\/div>\n\t\t\t\t<div class=\"elementor-element elementor-element-095b281 elementor-widget-divider--view-line elementor-widget elementor-widget-divider\" data-id=\"095b281\" data-element_type=\"widget\" data-e-type=\"widget\" data-widget_type=\"divider.default\">\n\t\t\t\t<div class=\"elementor-widget-container\">\n\t\t\t\t\t\t\t<div class=\"elementor-divider\">\n\t\t\t<span class=\"elementor-divider-separator\">\n\t\t\t\t\t\t<\/span>\n\t\t<\/div>\n\t\t\t\t\t\t<\/div>\n\t\t\t\t<\/div>\n\t\t\t\t<div class=\"elementor-element elementor-element-ad4d3aa elementor-widget elementor-widget-heading\" data-id=\"ad4d3aa\" data-element_type=\"widget\" data-e-type=\"widget\" data-widget_type=\"heading.default\">\n\t\t\t\t<div class=\"elementor-widget-container\">\n\t\t\t\t\t<h2 class=\"elementor-heading-title elementor-size-default\">INTIMATE FALL WEDDING AT VILLA AURA DEL LAGO, LAKE COMO<\/h2>\t\t\t\t<\/div>\n\t\t\t\t<\/div>\n\t\t\t\t<div class=\"elementor-element elementor-element-9fdf43f elementor-widget elementor-widget-heading\" data-id=\"9fdf43f\" data-element_type=\"widget\" data-e-type=\"widget\" data-widget_type=\"heading.default\">\n\t\t\t\t<div class=\"elementor-widget-container\">\n\t\t\t\t\t<h3 class=\"elementor-heading-title elementor-size-default\">As published on <b>Chic and Stylish Weddings<\/b> and <b>DWP Insider<\/b>.<\/h3>\t\t\t\t<\/div>\n\t\t\t\t<\/div>\n\t\t\t\t<div class=\"elementor-element elementor-element-9b062e2 elementor-widget elementor-widget-gallery\" data-id=\"9b062e2\" data-element_type=\"widget\" data-e-type=\"widget\" data-settings=\"{&quot;columns_tablet&quot;:4,&quot;columns_mobile&quot;:2,&quot;gap&quot;:{&quot;unit&quot;:&quot;px&quot;,&quot;size&quot;:6,&quot;sizes&quot;:[]},&quot;gap_tablet&quot;:{&quot;unit&quot;:&quot;px&quot;,&quot;size&quot;:6,&quot;sizes&quot;:[]},&quot;gap_mobile&quot;:{&quot;unit&quot;:&quot;px&quot;,&quot;size&quot;:6,&quot;sizes&quot;:[]},&quot;columns&quot;:3,&quot;aspect_ratio&quot;:&quot;21:9&quot;,&quot;lazyload&quot;:&quot;yes&quot;,&quot;gallery_layout&quot;:&quot;grid&quot;}\" data-widget_type=\"gallery.default\">\n\t\t\t\t<div class=\"elementor-widget-container\">\n\t\t\t\t\t\t\t<div class=\"elementor-gallery__container\">\n\t\t\t\t\t<\/div>\n\t\t\t\t\t<\/div>\n\t\t\t\t<\/div>\n\t\t\t\t<div class=\"elementor-element elementor-element-1addbd7 elementor-blockquote--skin-border elementor-widget elementor-widget-blockquote\" data-id=\"1addbd7\" data-element_type=\"widget\" data-e-type=\"widget\" data-widget_type=\"blockquote.default\">\n\t\t\t\t<div class=\"elementor-widget-container\">\n\t\t\t\t\t\t\t<blockquote class=\"elementor-blockquote\">\n\t\t\t<p class=\"elementor-blockquote__content\">\n\t\t\t\tIf you want to know what <b>Italian wedding dreams<\/b> are made of, have a look at Melissa and Clayton\u2019s <b>intimate wedding ceremony<\/b> in <b>Lake Como<\/b>, Italy.<br>\nThe venue <b>Villa Aura del Lago<\/b> (Bellagio), is simply beautiful and of course, <b>Lake Como<\/b> itself needs no introduction!<br>\n<br>\nBecause of the date (3rd October 2019), Bespoke Unique Weddings &amp; Events wanted to give an <b>Indian summer\/autumnal feel<\/b>, so they used a lot of <b>copper and cinnamon type colors<\/b>, lots of <b>warm tones<\/b>, and <b>antiques<\/b> where appropriate.<br>\n<br>\nThe <b>bride<\/b> was looking ethereal in a stunning Le Spose di Gi\u00f2 gown along with hair accessory from Tocados Le Touquet, and the <b>groom<\/b> wore a burgundy dress which is emerging as a trendy color, designed by Area 2 Rezzonico. The <b>ceremony<\/b> was organized by the lake where the guests enjoyed a joyous violin performance along with classical mocktails.<br>\n<br>\nAs the sun began to set, the charm of the <b>outdoor dining terrace<\/b> came to life. With lanterns, candles and twinkling fairy lights in the trees above the dining tables, the mood was set right.<br>\n A <b>rustic Italian aperitivo<\/b> was then enjoyed on the terrace, and later <b>dinner<\/b> was served in the beautifully decorated orangery dining room; providing a magical <b>wedding reception<\/b> atmosphere for Melissa and Clayton.\t\t\t<\/p>\n\t\t\t\t\t<\/blockquote>\n\t\t\t\t\t\t<\/div>\n\t\t\t\t<\/div>\n\t\t\t\t<div class=\"elementor-element elementor-element-4ccf0ee elementor-widget elementor-widget-spacer\" data-id=\"4ccf0ee\" data-element_type=\"widget\" data-e-type=\"widget\" data-widget_type=\"spacer.default\">\n\t\t\t\t<div class=\"elementor-widget-container\">\n\t\t\t\t\t\t\t<div class=\"elementor-spacer\">\n\t\t\t<div class=\"elementor-spacer-inner\"><\/div>\n\t\t<\/div>\n\t\t\t\t\t\t<\/div>\n\t\t\t\t<\/div>\n\t\t\t\t<div class=\"elementor-element elementor-element-8f4cc6e elementor-widget elementor-widget-image\" data-id=\"8f4cc6e\" data-element_type=\"widget\" data-e-type=\"widget\" data-widget_type=\"image.default\">\n\t\t\t\t<div class=\"elementor-widget-container\">\n\t\t\t\t\t\t\t\t\t\t\t\t\t\t\t\t<a href=\"https:\/\/www.progettifotografici.com\/wp-content\/uploads\/2020\/01\/rajna_auradellago18_694.jpg\" data-elementor-open-lightbox=\"yes\" data-e-action-hash=\"#elementor-action%3Aaction%3Dlightbox%26settings%3DeyJpZCI6NDUyNDIsInVybCI6Imh0dHBzOlwvXC93d3cucHJvZ2V0dGlmb3RvZ3JhZmljaS5jb21cL3dwLWNvbnRlbnRcL3VwbG9hZHNcLzIwMjBcLzAxXC92aWxsYS1hdXJhLWRlbC1sYWdvLXdlZGRpbmctbG9jYWwtcGhvdG9ncmFwaGVyLmpwZyJ9\">\n\t\t\t\t\t\t\t<img decoding=\"async\" width=\"2240\" height=\"1493\" src=\"https:\/\/www.progettifotografici.com\/wp-content\/uploads\/2020\/01\/villa-aura-del-lago-wedding-local-photographer.jpg\" class=\"attachment-full size-full wp-image-45242\" alt=\"Wedding photoshoot at Villa Aura del Lago: the bride and groom posing win the sunset light.\" srcset=\"https:\/\/www.progettifotografici.com\/wp-content\/uploads\/2020\/01\/villa-aura-del-lago-wedding-local-photographer.jpg 2240w, https:\/\/www.progettifotografici.com\/wp-content\/uploads\/2020\/01\/villa-aura-del-lago-wedding-local-photographer-1080x720.jpg 1080w, https:\/\/www.progettifotografici.com\/wp-content\/uploads\/2020\/01\/villa-aura-del-lago-wedding-local-photographer-722x481.jpg 722w, https:\/\/www.progettifotografici.com\/wp-content\/uploads\/2020\/01\/villa-aura-del-lago-wedding-local-photographer-1536x1024.jpg 1536w, https:\/\/www.progettifotografici.com\/wp-content\/uploads\/2020\/01\/villa-aura-del-lago-wedding-local-photographer-2048x1365.jpg 2048w\" sizes=\"(max-width: 2240px) 100vw, 2240px\" \/>\t\t\t\t\t\t\t\t<\/a>\n\t\t\t\t\t\t\t\t\t\t\t\t\t\t\t<\/div>\n\t\t\t\t<\/div>\n\t\t\t\t<div class=\"elementor-element elementor-element-b9b29f4 elementor-widget elementor-widget-gallery\" data-id=\"b9b29f4\" data-element_type=\"widget\" data-e-type=\"widget\" data-settings=\"{&quot;columns_tablet&quot;:4,&quot;columns_mobile&quot;:2,&quot;gap&quot;:{&quot;unit&quot;:&quot;px&quot;,&quot;size&quot;:6,&quot;sizes&quot;:[]},&quot;gap_tablet&quot;:{&quot;unit&quot;:&quot;px&quot;,&quot;size&quot;:6,&quot;sizes&quot;:[]},&quot;gap_mobile&quot;:{&quot;unit&quot;:&quot;px&quot;,&quot;size&quot;:6,&quot;sizes&quot;:[]},&quot;lazyload&quot;:&quot;yes&quot;,&quot;gallery_layout&quot;:&quot;grid&quot;,&quot;columns&quot;:4,&quot;link_to&quot;:&quot;file&quot;,&quot;aspect_ratio&quot;:&quot;3:2&quot;}\" data-widget_type=\"gallery.default\">\n\t\t\t\t<div class=\"elementor-widget-container\">\n\t\t\t\t\t\t\t<div class=\"elementor-gallery__container\">\n\t\t\t\t\t\t\t<a class=\"e-gallery-item elementor-gallery-item\" href=\"https:\/\/www.progettifotografici.com\/wp-content\/uploads\/2020\/01\/villa-aura-del-lago-lake-como.jpg\" data-elementor-open-lightbox=\"yes\" data-elementor-lightbox-slideshow=\"b9b29f4\" data-e-action-hash=\"#elementor-action%3Aaction%3Dlightbox%26settings%3DeyJpZCI6NDUyNTUsInVybCI6Imh0dHBzOlwvXC93d3cucHJvZ2V0dGlmb3RvZ3JhZmljaS5jb21cL3dwLWNvbnRlbnRcL3VwbG9hZHNcLzIwMjBcLzAxXC92aWxsYS1hdXJhLWRlbC1sYWdvLWxha2UtY29tby5qcGciLCJzbGlkZXNob3ciOiJiOWIyOWY0In0%3D\">\n\t\t\t\t\t<div class=\"e-gallery-image elementor-gallery-item__image\" data-thumbnail=\"https:\/\/www.progettifotografici.com\/wp-content\/uploads\/2020\/01\/villa-aura-del-lago-lake-como-722x481.jpg\" data-width=\"722\" data-height=\"481\" aria-label=\"Villa Aura del Lago seen from the Madonna del Moletto.\" role=\"img\" ><\/div>\n\t\t\t\t\t\t\t\t\t\t\t\t\t\t<\/a>\n\t\t\t\t\t\t\t<a class=\"e-gallery-item elementor-gallery-item\" href=\"https:\/\/www.progettifotografici.com\/wp-content\/uploads\/2020\/01\/wedding-invitations.jpg\" data-elementor-open-lightbox=\"yes\" data-elementor-lightbox-slideshow=\"b9b29f4\" data-e-action-hash=\"#elementor-action%3Aaction%3Dlightbox%26settings%3DeyJpZCI6NDUyNTAsInVybCI6Imh0dHBzOlwvXC93d3cucHJvZ2V0dGlmb3RvZ3JhZmljaS5jb21cL3dwLWNvbnRlbnRcL3VwbG9hZHNcLzIwMjBcLzAxXC93ZWRkaW5nLWludml0YXRpb25zLmpwZyIsInNsaWRlc2hvdyI6ImI5YjI5ZjQifQ%3D%3D\">\n\t\t\t\t\t<div class=\"e-gallery-image elementor-gallery-item__image\" data-thumbnail=\"https:\/\/www.progettifotografici.com\/wp-content\/uploads\/2020\/01\/wedding-invitations-722x481.jpg\" data-width=\"722\" data-height=\"481\" aria-label=\"Wedding invitations placed on the lawn.\" role=\"img\" ><\/div>\n\t\t\t\t\t\t\t\t\t\t\t\t\t\t<\/a>\n\t\t\t\t\t\t\t<a class=\"e-gallery-item elementor-gallery-item\" href=\"https:\/\/www.progettifotografici.com\/wp-content\/uploads\/2020\/01\/stationery-bride-groom.jpg\" data-elementor-open-lightbox=\"yes\" data-elementor-lightbox-slideshow=\"b9b29f4\" data-e-action-hash=\"#elementor-action%3Aaction%3Dlightbox%26settings%3DeyJpZCI6NDUyNDgsInVybCI6Imh0dHBzOlwvXC93d3cucHJvZ2V0dGlmb3RvZ3JhZmljaS5jb21cL3dwLWNvbnRlbnRcL3VwbG9hZHNcLzIwMjBcLzAxXC9zdGF0aW9uZXJ5LWJyaWRlLWdyb29tLmpwZyIsInNsaWRlc2hvdyI6ImI5YjI5ZjQifQ%3D%3D\">\n\t\t\t\t\t<div class=\"e-gallery-image elementor-gallery-item__image\" data-thumbnail=\"https:\/\/www.progettifotografici.com\/wp-content\/uploads\/2020\/01\/stationery-bride-groom-722x481.jpg\" data-width=\"722\" data-height=\"481\" aria-label=\"Wedding stationery with the handwritten cards &quot;Bride&quot; and &quot;Groom&quot;.\" role=\"img\" ><\/div>\n\t\t\t\t\t\t\t\t\t\t\t\t\t\t<\/a>\n\t\t\t\t\t\t\t<a class=\"e-gallery-item elementor-gallery-item\" href=\"https:\/\/www.progettifotografici.com\/wp-content\/uploads\/2020\/01\/villa-aura-del-lago-view-on-the-lake.jpg\" data-elementor-open-lightbox=\"yes\" data-elementor-lightbox-slideshow=\"b9b29f4\" data-e-action-hash=\"#elementor-action%3Aaction%3Dlightbox%26settings%3DeyJpZCI6NDUyNDYsInVybCI6Imh0dHBzOlwvXC93d3cucHJvZ2V0dGlmb3RvZ3JhZmljaS5jb21cL3dwLWNvbnRlbnRcL3VwbG9hZHNcLzIwMjBcLzAxXC92aWxsYS1hdXJhLWRlbC1sYWdvLXZpZXctb24tdGhlLWxha2UuanBnIiwic2xpZGVzaG93IjoiYjliMjlmNCJ9\">\n\t\t\t\t\t<div class=\"e-gallery-image elementor-gallery-item__image\" data-thumbnail=\"https:\/\/www.progettifotografici.com\/wp-content\/uploads\/2020\/01\/villa-aura-del-lago-view-on-the-lake-722x481.jpg\" data-width=\"722\" data-height=\"481\" aria-label=\"Villa Aura del Lago: landscape with a perfect side lighting.\" role=\"img\" ><\/div>\n\t\t\t\t\t\t\t\t\t\t\t\t\t\t<\/a>\n\t\t\t\t\t\t\t<a class=\"e-gallery-item elementor-gallery-item\" href=\"https:\/\/www.progettifotografici.com\/wp-content\/uploads\/2020\/01\/villa-aura-del-lago-wedding-sunset-view.jpg\" data-elementor-open-lightbox=\"yes\" data-elementor-lightbox-slideshow=\"b9b29f4\" data-e-action-hash=\"#elementor-action%3Aaction%3Dlightbox%26settings%3DeyJpZCI6NDUyNzEsInVybCI6Imh0dHBzOlwvXC93d3cucHJvZ2V0dGlmb3RvZ3JhZmljaS5jb21cL3dwLWNvbnRlbnRcL3VwbG9hZHNcLzIwMjBcLzAxXC92aWxsYS1hdXJhLWRlbC1sYWdvLXdlZGRpbmctc3Vuc2V0LXZpZXcuanBnIiwic2xpZGVzaG93IjoiYjliMjlmNCJ9\">\n\t\t\t\t\t<div class=\"e-gallery-image elementor-gallery-item__image\" data-thumbnail=\"https:\/\/www.progettifotografici.com\/wp-content\/uploads\/2020\/01\/villa-aura-del-lago-wedding-sunset-view-722x481.jpg\" data-width=\"722\" data-height=\"481\" aria-label=\"A view of Lake Como taken from Villa Aura del Lago.\" role=\"img\" ><\/div>\n\t\t\t\t\t\t\t\t\t\t\t\t\t\t<\/a>\n\t\t\t\t\t\t\t<a class=\"e-gallery-item elementor-gallery-item\" href=\"https:\/\/www.progettifotografici.com\/wp-content\/uploads\/2020\/01\/villa-aura-del-lago-fitness-zone.jpg\" data-elementor-open-lightbox=\"yes\" data-elementor-lightbox-slideshow=\"b9b29f4\" data-e-action-hash=\"#elementor-action%3Aaction%3Dlightbox%26settings%3DeyJpZCI6NDUyNTksInVybCI6Imh0dHBzOlwvXC93d3cucHJvZ2V0dGlmb3RvZ3JhZmljaS5jb21cL3dwLWNvbnRlbnRcL3VwbG9hZHNcLzIwMjBcLzAxXC92aWxsYS1hdXJhLWRlbC1sYWdvLWZpdG5lc3Mtem9uZS5qcGciLCJzbGlkZXNob3ciOiJiOWIyOWY0In0%3D\">\n\t\t\t\t\t<div class=\"e-gallery-image elementor-gallery-item__image\" data-thumbnail=\"https:\/\/www.progettifotografici.com\/wp-content\/uploads\/2020\/01\/villa-aura-del-lago-fitness-zone-722x481.jpg\" data-width=\"722\" data-height=\"481\" aria-label=\"The groom before the wedding is in the fitness area of Villa Aura del Lago.\" role=\"img\" ><\/div>\n\t\t\t\t\t\t\t\t\t\t\t\t\t\t<\/a>\n\t\t\t\t\t\t\t<a class=\"e-gallery-item elementor-gallery-item\" href=\"https:\/\/www.progettifotografici.com\/wp-content\/uploads\/2020\/01\/villa-aura-del-lago-sauna.jpg\" data-elementor-open-lightbox=\"yes\" data-elementor-lightbox-slideshow=\"b9b29f4\" data-e-action-hash=\"#elementor-action%3Aaction%3Dlightbox%26settings%3DeyJpZCI6NDUyNjEsInVybCI6Imh0dHBzOlwvXC93d3cucHJvZ2V0dGlmb3RvZ3JhZmljaS5jb21cL3dwLWNvbnRlbnRcL3VwbG9hZHNcLzIwMjBcLzAxXC92aWxsYS1hdXJhLWRlbC1sYWdvLXNhdW5hLmpwZyIsInNsaWRlc2hvdyI6ImI5YjI5ZjQifQ%3D%3D\">\n\t\t\t\t\t<div class=\"e-gallery-image elementor-gallery-item__image\" data-thumbnail=\"https:\/\/www.progettifotografici.com\/wp-content\/uploads\/2020\/01\/villa-aura-del-lago-sauna-722x481.jpg\" data-width=\"722\" data-height=\"481\" aria-label=\"The groom doing the sauna at Villa Aura del Lago.\" role=\"img\" ><\/div>\n\t\t\t\t\t\t\t\t\t\t\t\t\t\t<\/a>\n\t\t\t\t\t\t\t<a class=\"e-gallery-item elementor-gallery-item\" href=\"https:\/\/www.progettifotografici.com\/wp-content\/uploads\/2020\/01\/villa-aura-del-lago-from-madonna-del-moletto.jpg\" data-elementor-open-lightbox=\"yes\" data-elementor-lightbox-slideshow=\"b9b29f4\" data-e-action-hash=\"#elementor-action%3Aaction%3Dlightbox%26settings%3DeyJpZCI6NDUyNzcsInVybCI6Imh0dHBzOlwvXC93d3cucHJvZ2V0dGlmb3RvZ3JhZmljaS5jb21cL3dwLWNvbnRlbnRcL3VwbG9hZHNcLzIwMjBcLzAxXC92aWxsYS1hdXJhLWRlbC1sYWdvLWZyb20tbWFkb25uYS1kZWwtbW9sZXR0by5qcGciLCJzbGlkZXNob3ciOiJiOWIyOWY0In0%3D\">\n\t\t\t\t\t<div class=\"e-gallery-image elementor-gallery-item__image\" data-thumbnail=\"https:\/\/www.progettifotografici.com\/wp-content\/uploads\/2020\/01\/villa-aura-del-lago-from-madonna-del-moletto-722x481.jpg\" data-width=\"722\" data-height=\"481\" aria-label=\"Wide view of Lake Como and Villa Aura del Lago taken from the Madona del Moletto.\" role=\"img\" ><\/div>\n\t\t\t\t\t\t\t\t\t\t\t\t\t\t<\/a>\n\t\t\t\t\t\t\t<a class=\"e-gallery-item elementor-gallery-item\" href=\"https:\/\/www.progettifotografici.com\/wp-content\/uploads\/2020\/01\/villa-aura-del-lago-groom-getting-ready-photographer.jpg\" data-elementor-open-lightbox=\"yes\" data-elementor-lightbox-slideshow=\"b9b29f4\" data-e-action-hash=\"#elementor-action%3Aaction%3Dlightbox%26settings%3DeyJpZCI6NDUyNjMsInVybCI6Imh0dHBzOlwvXC93d3cucHJvZ2V0dGlmb3RvZ3JhZmljaS5jb21cL3dwLWNvbnRlbnRcL3VwbG9hZHNcLzIwMjBcLzAxXC92aWxsYS1hdXJhLWRlbC1sYWdvLWdyb29tLWdldHRpbmctcmVhZHktcGhvdG9ncmFwaGVyLmpwZyIsInNsaWRlc2hvdyI6ImI5YjI5ZjQifQ%3D%3D\">\n\t\t\t\t\t<div class=\"e-gallery-image elementor-gallery-item__image\" data-thumbnail=\"https:\/\/www.progettifotografici.com\/wp-content\/uploads\/2020\/01\/villa-aura-del-lago-groom-getting-ready-photographer-722x481.jpg\" data-width=\"722\" data-height=\"481\" aria-label=\"The groom is at the first floor of Villa Aura del Lago checking his outfit together with his bestman.\" role=\"img\" ><\/div>\n\t\t\t\t\t\t\t\t\t\t\t\t\t\t<\/a>\n\t\t\t\t\t\t\t<a class=\"e-gallery-item elementor-gallery-item\" href=\"https:\/\/www.progettifotografici.com\/wp-content\/uploads\/2020\/01\/wedding-subbuteo.jpg\" data-elementor-open-lightbox=\"yes\" data-elementor-lightbox-slideshow=\"b9b29f4\" data-e-action-hash=\"#elementor-action%3Aaction%3Dlightbox%26settings%3DeyJpZCI6NDUyNjksInVybCI6Imh0dHBzOlwvXC93d3cucHJvZ2V0dGlmb3RvZ3JhZmljaS5jb21cL3dwLWNvbnRlbnRcL3VwbG9hZHNcLzIwMjBcLzAxXC93ZWRkaW5nLXN1YmJ1dGVvLmpwZyIsInNsaWRlc2hvdyI6ImI5YjI5ZjQifQ%3D%3D\">\n\t\t\t\t\t<div class=\"e-gallery-image elementor-gallery-item__image\" data-thumbnail=\"https:\/\/www.progettifotografici.com\/wp-content\/uploads\/2020\/01\/wedding-subbuteo-722x481.jpg\" data-width=\"722\" data-height=\"481\" aria-label=\"The bestman shows an early 1960s Subbuteo team box as a present for the groom.\" role=\"img\" ><\/div>\n\t\t\t\t\t\t\t\t\t\t\t\t\t\t<\/a>\n\t\t\t\t\t\t\t<a class=\"e-gallery-item elementor-gallery-item\" href=\"https:\/\/www.progettifotografici.com\/wp-content\/uploads\/2020\/01\/villa-aura-del-lago-groom-portrait.jpg\" data-elementor-open-lightbox=\"yes\" data-elementor-lightbox-slideshow=\"b9b29f4\" data-e-action-hash=\"#elementor-action%3Aaction%3Dlightbox%26settings%3DeyJpZCI6NDUyNjUsInVybCI6Imh0dHBzOlwvXC93d3cucHJvZ2V0dGlmb3RvZ3JhZmljaS5jb21cL3dwLWNvbnRlbnRcL3VwbG9hZHNcLzIwMjBcLzAxXC92aWxsYS1hdXJhLWRlbC1sYWdvLWdyb29tLXBvcnRyYWl0LmpwZyIsInNsaWRlc2hvdyI6ImI5YjI5ZjQifQ%3D%3D\">\n\t\t\t\t\t<div class=\"e-gallery-image elementor-gallery-item__image\" data-thumbnail=\"https:\/\/www.progettifotografici.com\/wp-content\/uploads\/2020\/01\/villa-aura-del-lago-groom-portrait-722x481.jpg\" data-width=\"722\" data-height=\"481\" aria-label=\"Portrait of the groom, he is smiling. He is still at the first floor of Villa Aura del Lago.\" role=\"img\" ><\/div>\n\t\t\t\t\t\t\t\t\t\t\t\t\t\t<\/a>\n\t\t\t\t\t\t\t<a class=\"e-gallery-item elementor-gallery-item\" href=\"https:\/\/www.progettifotografici.com\/wp-content\/uploads\/2020\/01\/villa-aura-del-lago-bumper-pool.jpg\" data-elementor-open-lightbox=\"yes\" data-elementor-lightbox-slideshow=\"b9b29f4\" data-e-action-hash=\"#elementor-action%3Aaction%3Dlightbox%26settings%3DeyJpZCI6NDUyNjcsInVybCI6Imh0dHBzOlwvXC93d3cucHJvZ2V0dGlmb3RvZ3JhZmljaS5jb21cL3dwLWNvbnRlbnRcL3VwbG9hZHNcLzIwMjBcLzAxXC92aWxsYS1hdXJhLWRlbC1sYWdvLWJ1bXBlci1wb29sLmpwZyIsInNsaWRlc2hvdyI6ImI5YjI5ZjQifQ%3D%3D\">\n\t\t\t\t\t<div class=\"e-gallery-image elementor-gallery-item__image\" data-thumbnail=\"https:\/\/www.progettifotografici.com\/wp-content\/uploads\/2020\/01\/villa-aura-del-lago-bumper-pool-722x481.jpg\" data-width=\"722\" data-height=\"481\" aria-label=\"First floor of Villa Aura del Lago: the groom is playing billiards with his batsmen before the wedding ceremony.\" role=\"img\" ><\/div>\n\t\t\t\t\t\t\t\t\t\t\t\t\t\t<\/a>\n\t\t\t\t\t\t\t<a class=\"e-gallery-item elementor-gallery-item\" href=\"https:\/\/www.progettifotografici.com\/wp-content\/uploads\/2020\/01\/villa-aura-del-lago-view-on-bellagio-varenna.jpg\" data-elementor-open-lightbox=\"yes\" data-elementor-lightbox-slideshow=\"b9b29f4\" data-e-action-hash=\"#elementor-action%3Aaction%3Dlightbox%26settings%3DeyJpZCI6NDUyNzMsInVybCI6Imh0dHBzOlwvXC93d3cucHJvZ2V0dGlmb3RvZ3JhZmljaS5jb21cL3dwLWNvbnRlbnRcL3VwbG9hZHNcLzIwMjBcLzAxXC92aWxsYS1hdXJhLWRlbC1sYWdvLXZpZXctb24tYmVsbGFnaW8tdmFyZW5uYS5qcGciLCJzbGlkZXNob3ciOiJiOWIyOWY0In0%3D\">\n\t\t\t\t\t<div class=\"e-gallery-image elementor-gallery-item__image\" data-thumbnail=\"https:\/\/www.progettifotografici.com\/wp-content\/uploads\/2020\/01\/villa-aura-del-lago-view-on-bellagio-varenna-722x481.jpg\" data-width=\"722\" data-height=\"481\" aria-label=\"View of Lake Como with Bellagio and Varenna taken from Villa Aura del Lago.\" role=\"img\" ><\/div>\n\t\t\t\t\t\t\t\t\t\t\t\t\t\t<\/a>\n\t\t\t\t\t\t\t<a class=\"e-gallery-item elementor-gallery-item\" href=\"https:\/\/www.progettifotografici.com\/wp-content\/uploads\/2020\/01\/villa-aura-del-lago-lakeside-balcony.jpg\" data-elementor-open-lightbox=\"yes\" data-elementor-lightbox-slideshow=\"b9b29f4\" data-e-action-hash=\"#elementor-action%3Aaction%3Dlightbox%26settings%3DeyJpZCI6NDUyNzUsInVybCI6Imh0dHBzOlwvXC93d3cucHJvZ2V0dGlmb3RvZ3JhZmljaS5jb21cL3dwLWNvbnRlbnRcL3VwbG9hZHNcLzIwMjBcLzAxXC92aWxsYS1hdXJhLWRlbC1sYWdvLWxha2VzaWRlLWJhbGNvbnkuanBnIiwic2xpZGVzaG93IjoiYjliMjlmNCJ9\">\n\t\t\t\t\t<div class=\"e-gallery-image elementor-gallery-item__image\" data-thumbnail=\"https:\/\/www.progettifotografici.com\/wp-content\/uploads\/2020\/01\/villa-aura-del-lago-lakeside-balcony-722x481.jpg\" data-width=\"722\" data-height=\"481\" aria-label=\"The groom is at the balcony looking at the magnificent landscape offered by Villa Aura del Lago.\" role=\"img\" ><\/div>\n\t\t\t\t\t\t\t\t\t\t\t\t\t\t<\/a>\n\t\t\t\t\t\t\t<a class=\"e-gallery-item elementor-gallery-item\" href=\"https:\/\/www.progettifotografici.com\/wp-content\/uploads\/2020\/01\/bellagio-varenna-menaggio-landscape.jpg\" data-elementor-open-lightbox=\"yes\" data-elementor-lightbox-slideshow=\"b9b29f4\" data-e-action-hash=\"#elementor-action%3Aaction%3Dlightbox%26settings%3DeyJpZCI6NDUyNDQsInVybCI6Imh0dHBzOlwvXC93d3cucHJvZ2V0dGlmb3RvZ3JhZmljaS5jb21cL3dwLWNvbnRlbnRcL3VwbG9hZHNcLzIwMjBcLzAxXC9iZWxsYWdpby12YXJlbm5hLW1lbmFnZ2lvLWxhbmRzY2FwZS5qcGciLCJzbGlkZXNob3ciOiJiOWIyOWY0In0%3D\">\n\t\t\t\t\t<div class=\"e-gallery-image elementor-gallery-item__image\" data-thumbnail=\"https:\/\/www.progettifotografici.com\/wp-content\/uploads\/2020\/01\/bellagio-varenna-menaggio-landscape-722x481.jpg\" data-width=\"722\" data-height=\"481\" aria-label=\"Lake Como seen from above. Bellagio, Varenna and Menaggio are in the frame.\" role=\"img\" ><\/div>\n\t\t\t\t\t\t\t\t\t\t\t\t\t\t<\/a>\n\t\t\t\t\t\t\t<a class=\"e-gallery-item elementor-gallery-item\" href=\"https:\/\/www.progettifotografici.com\/wp-content\/uploads\/2020\/01\/villa-aura-del-lago-poolside.jpg\" data-elementor-open-lightbox=\"yes\" data-elementor-lightbox-slideshow=\"b9b29f4\" data-e-action-hash=\"#elementor-action%3Aaction%3Dlightbox%26settings%3DeyJpZCI6NDUyNTcsInVybCI6Imh0dHBzOlwvXC93d3cucHJvZ2V0dGlmb3RvZ3JhZmljaS5jb21cL3dwLWNvbnRlbnRcL3VwbG9hZHNcLzIwMjBcLzAxXC92aWxsYS1hdXJhLWRlbC1sYWdvLXBvb2xzaWRlLmpwZyIsInNsaWRlc2hvdyI6ImI5YjI5ZjQifQ%3D%3D\">\n\t\t\t\t\t<div class=\"e-gallery-image elementor-gallery-item__image\" data-thumbnail=\"https:\/\/www.progettifotografici.com\/wp-content\/uploads\/2020\/01\/villa-aura-del-lago-poolside-722x481.jpg\" data-width=\"722\" data-height=\"481\" aria-label=\"View of the pool of Villa Aura del Lago through the reeds.\" role=\"img\" ><\/div>\n\t\t\t\t\t\t\t\t\t\t\t\t\t\t<\/a>\n\t\t\t\t\t\t\t<a class=\"e-gallery-item elementor-gallery-item\" href=\"https:\/\/www.progettifotografici.com\/wp-content\/uploads\/2020\/01\/villa-aura-del-lago-gazebo-wedding-cake.jpg\" data-elementor-open-lightbox=\"yes\" data-elementor-lightbox-slideshow=\"b9b29f4\" data-e-action-hash=\"#elementor-action%3Aaction%3Dlightbox%26settings%3DeyJpZCI6NDUyNzksInVybCI6Imh0dHBzOlwvXC93d3cucHJvZ2V0dGlmb3RvZ3JhZmljaS5jb21cL3dwLWNvbnRlbnRcL3VwbG9hZHNcLzIwMjBcLzAxXC92aWxsYS1hdXJhLWRlbC1sYWdvLWdhemViby13ZWRkaW5nLWNha2UuanBnIiwic2xpZGVzaG93IjoiYjliMjlmNCJ9\">\n\t\t\t\t\t<div class=\"e-gallery-image elementor-gallery-item__image\" data-thumbnail=\"https:\/\/www.progettifotografici.com\/wp-content\/uploads\/2020\/01\/villa-aura-del-lago-gazebo-wedding-cake-722x481.jpg\" data-width=\"722\" data-height=\"481\" aria-label=\"The wedding cake photographed under the gazebo of Villa Aura del Lago.\" role=\"img\" ><\/div>\n\t\t\t\t\t\t\t\t\t\t\t\t\t\t<\/a>\n\t\t\t\t\t\t\t<a class=\"e-gallery-item elementor-gallery-item\" href=\"https:\/\/www.progettifotografici.com\/wp-content\/uploads\/2020\/01\/villa-aura-del-lago-rusty-colour-palette.jpg\" data-elementor-open-lightbox=\"yes\" data-elementor-lightbox-slideshow=\"b9b29f4\" data-e-action-hash=\"#elementor-action%3Aaction%3Dlightbox%26settings%3DeyJpZCI6NDUyODMsInVybCI6Imh0dHBzOlwvXC93d3cucHJvZ2V0dGlmb3RvZ3JhZmljaS5jb21cL3dwLWNvbnRlbnRcL3VwbG9hZHNcLzIwMjBcLzAxXC92aWxsYS1hdXJhLWRlbC1sYWdvLXJ1c3R5LWNvbG91ci1wYWxldHRlLmpwZyIsInNsaWRlc2hvdyI6ImI5YjI5ZjQifQ%3D%3D\">\n\t\t\t\t\t<div class=\"e-gallery-image elementor-gallery-item__image\" data-thumbnail=\"https:\/\/www.progettifotografici.com\/wp-content\/uploads\/2020\/01\/villa-aura-del-lago-rusty-colour-palette-722x481.jpg\" data-width=\"722\" data-height=\"481\" aria-label=\"A scene of the getting ready at Villa Aura del Lago with the make-up artist at work.\" role=\"img\" ><\/div>\n\t\t\t\t\t\t\t\t\t\t\t\t\t\t<\/a>\n\t\t\t\t\t\t\t<a class=\"e-gallery-item elementor-gallery-item\" href=\"https:\/\/www.progettifotografici.com\/wp-content\/uploads\/2020\/01\/wedding-autumnal-fall-mood-stationery.jpg\" data-elementor-open-lightbox=\"yes\" data-elementor-lightbox-slideshow=\"b9b29f4\" data-e-action-hash=\"#elementor-action%3Aaction%3Dlightbox%26settings%3DeyJpZCI6NDUyNTMsInVybCI6Imh0dHBzOlwvXC93d3cucHJvZ2V0dGlmb3RvZ3JhZmljaS5jb21cL3dwLWNvbnRlbnRcL3VwbG9hZHNcLzIwMjBcLzAxXC93ZWRkaW5nLWF1dHVtbmFsLWZhbGwtbW9vZC1zdGF0aW9uZXJ5LmpwZyIsInNsaWRlc2hvdyI6ImI5YjI5ZjQifQ%3D%3D\">\n\t\t\t\t\t<div class=\"e-gallery-image elementor-gallery-item__image\" data-thumbnail=\"https:\/\/www.progettifotografici.com\/wp-content\/uploads\/2020\/01\/wedding-autumnal-fall-mood-stationery-722x481.jpg\" data-width=\"722\" data-height=\"481\" aria-label=\"Fine stationery from this wedding.\" role=\"img\" ><\/div>\n\t\t\t\t\t\t\t\t\t\t\t\t\t\t<\/a>\n\t\t\t\t\t\t\t<a class=\"e-gallery-item elementor-gallery-item\" href=\"https:\/\/www.progettifotografici.com\/wp-content\/uploads\/2020\/01\/bride-getting-ready-smiling.jpg\" data-elementor-open-lightbox=\"yes\" data-elementor-lightbox-slideshow=\"b9b29f4\" data-e-action-hash=\"#elementor-action%3Aaction%3Dlightbox%26settings%3DeyJpZCI6NDUyODEsInVybCI6Imh0dHBzOlwvXC93d3cucHJvZ2V0dGlmb3RvZ3JhZmljaS5jb21cL3dwLWNvbnRlbnRcL3VwbG9hZHNcLzIwMjBcLzAxXC9icmlkZS1nZXR0aW5nLXJlYWR5LXNtaWxpbmcuanBnIiwic2xpZGVzaG93IjoiYjliMjlmNCJ9\">\n\t\t\t\t\t<div class=\"e-gallery-image elementor-gallery-item__image\" data-thumbnail=\"https:\/\/www.progettifotografici.com\/wp-content\/uploads\/2020\/01\/bride-getting-ready-smiling-722x481.jpg\" data-width=\"722\" data-height=\"481\" aria-label=\"The bride is getting ready in one of the rooms of Villa Aura del Lago and smiles.\" role=\"img\" ><\/div>\n\t\t\t\t\t\t\t\t\t\t\t\t\t\t<\/a>\n\t\t\t\t\t\t\t<a class=\"e-gallery-item elementor-gallery-item\" href=\"https:\/\/www.progettifotografici.com\/wp-content\/uploads\/2020\/01\/bridal-head-dress.jpg\" data-elementor-open-lightbox=\"yes\" data-elementor-lightbox-slideshow=\"b9b29f4\" data-e-action-hash=\"#elementor-action%3Aaction%3Dlightbox%26settings%3DeyJpZCI6NDUyODUsInVybCI6Imh0dHBzOlwvXC93d3cucHJvZ2V0dGlmb3RvZ3JhZmljaS5jb21cL3dwLWNvbnRlbnRcL3VwbG9hZHNcLzIwMjBcLzAxXC9icmlkYWwtaGVhZC1kcmVzcy5qcGciLCJzbGlkZXNob3ciOiJiOWIyOWY0In0%3D\">\n\t\t\t\t\t<div class=\"e-gallery-image elementor-gallery-item__image\" data-thumbnail=\"https:\/\/www.progettifotografici.com\/wp-content\/uploads\/2020\/01\/bridal-head-dress-722x481.jpg\" data-width=\"722\" data-height=\"481\" aria-label=\"A detail of bride with her headdress on.\" role=\"img\" ><\/div>\n\t\t\t\t\t\t\t\t\t\t\t\t\t\t<\/a>\n\t\t\t\t\t\t\t<a class=\"e-gallery-item elementor-gallery-item\" href=\"https:\/\/www.progettifotografici.com\/wp-content\/uploads\/2020\/01\/aura-del-lago-hanged-bridal-dress.jpg\" data-elementor-open-lightbox=\"yes\" data-elementor-lightbox-slideshow=\"b9b29f4\" data-e-action-hash=\"#elementor-action%3Aaction%3Dlightbox%26settings%3DeyJpZCI6NDUyODcsInVybCI6Imh0dHBzOlwvXC93d3cucHJvZ2V0dGlmb3RvZ3JhZmljaS5jb21cL3dwLWNvbnRlbnRcL3VwbG9hZHNcLzIwMjBcLzAxXC9hdXJhLWRlbC1sYWdvLWhhbmdlZC1icmlkYWwtZHJlc3MuanBnIiwic2xpZGVzaG93IjoiYjliMjlmNCJ9\">\n\t\t\t\t\t<div class=\"e-gallery-image elementor-gallery-item__image\" data-thumbnail=\"https:\/\/www.progettifotografici.com\/wp-content\/uploads\/2020\/01\/aura-del-lago-hanged-bridal-dress-722x481.jpg\" data-width=\"722\" data-height=\"481\" aria-label=\"The bridal gown hanged in a room of Villa Aura del Lago.\" role=\"img\" ><\/div>\n\t\t\t\t\t\t\t\t\t\t\t\t\t\t<\/a>\n\t\t\t\t\t\t\t<a class=\"e-gallery-item elementor-gallery-item\" href=\"https:\/\/www.progettifotografici.com\/wp-content\/uploads\/2020\/01\/villa-aura-del-lago-marriage-wows.jpg\" data-elementor-open-lightbox=\"yes\" data-elementor-lightbox-slideshow=\"b9b29f4\" data-e-action-hash=\"#elementor-action%3Aaction%3Dlightbox%26settings%3DeyJpZCI6NDUyODksInVybCI6Imh0dHBzOlwvXC93d3cucHJvZ2V0dGlmb3RvZ3JhZmljaS5jb21cL3dwLWNvbnRlbnRcL3VwbG9hZHNcLzIwMjBcLzAxXC92aWxsYS1hdXJhLWRlbC1sYWdvLW1hcnJpYWdlLXdvd3MuanBnIiwic2xpZGVzaG93IjoiYjliMjlmNCJ9\">\n\t\t\t\t\t<div class=\"e-gallery-image elementor-gallery-item__image\" data-thumbnail=\"https:\/\/www.progettifotografici.com\/wp-content\/uploads\/2020\/01\/villa-aura-del-lago-marriage-wows-722x481.jpg\" data-width=\"722\" data-height=\"481\" aria-label=\"The bride holds the calligraphy paper with the wows in her hands.\" role=\"img\" ><\/div>\n\t\t\t\t\t\t\t\t\t\t\t\t\t\t<\/a>\n\t\t\t\t\t\t\t<a class=\"e-gallery-item elementor-gallery-item\" href=\"https:\/\/www.progettifotografici.com\/wp-content\/uploads\/2020\/01\/villa-aura-del-lago-bride-portrait.jpg\" data-elementor-open-lightbox=\"yes\" data-elementor-lightbox-slideshow=\"b9b29f4\" data-e-action-hash=\"#elementor-action%3Aaction%3Dlightbox%26settings%3DeyJpZCI6NDUyOTEsInVybCI6Imh0dHBzOlwvXC93d3cucHJvZ2V0dGlmb3RvZ3JhZmljaS5jb21cL3dwLWNvbnRlbnRcL3VwbG9hZHNcLzIwMjBcLzAxXC92aWxsYS1hdXJhLWRlbC1sYWdvLWJyaWRlLXBvcnRyYWl0LmpwZyIsInNsaWRlc2hvdyI6ImI5YjI5ZjQifQ%3D%3D\">\n\t\t\t\t\t<div class=\"e-gallery-image elementor-gallery-item__image\" data-thumbnail=\"https:\/\/www.progettifotografici.com\/wp-content\/uploads\/2020\/01\/villa-aura-del-lago-bride-portrait-722x481.jpg\" data-width=\"722\" data-height=\"481\" aria-label=\"Form the getting ready photoshoot, a portrait of the bride in her room of Villa Aura del Lago.\" role=\"img\" ><\/div>\n\t\t\t\t\t\t\t\t\t\t\t\t\t\t<\/a>\n\t\t\t\t\t\t\t<a class=\"e-gallery-item elementor-gallery-item\" href=\"https:\/\/www.progettifotografici.com\/wp-content\/uploads\/2020\/01\/villa-aura-del-lago-first-look.jpg\" data-elementor-open-lightbox=\"yes\" data-elementor-lightbox-slideshow=\"b9b29f4\" data-e-action-hash=\"#elementor-action%3Aaction%3Dlightbox%26settings%3DeyJpZCI6NDUyOTUsInVybCI6Imh0dHBzOlwvXC93d3cucHJvZ2V0dGlmb3RvZ3JhZmljaS5jb21cL3dwLWNvbnRlbnRcL3VwbG9hZHNcLzIwMjBcLzAxXC92aWxsYS1hdXJhLWRlbC1sYWdvLWZpcnN0LWxvb2suanBnIiwic2xpZGVzaG93IjoiYjliMjlmNCJ9\">\n\t\t\t\t\t<div class=\"e-gallery-image elementor-gallery-item__image\" data-thumbnail=\"https:\/\/www.progettifotografici.com\/wp-content\/uploads\/2020\/01\/villa-aura-del-lago-first-look-722x481.jpg\" data-width=\"722\" data-height=\"481\" aria-label=\"First look at Villa Aura del Lago, the bride is arriving.\" role=\"img\" ><\/div>\n\t\t\t\t\t\t\t\t\t\t\t\t\t\t<\/a>\n\t\t\t\t\t\t\t<a class=\"e-gallery-item elementor-gallery-item\" href=\"https:\/\/www.progettifotografici.com\/wp-content\/uploads\/2020\/01\/villa-aura-del-lago-first-look-02.jpg\" data-elementor-open-lightbox=\"yes\" data-elementor-lightbox-slideshow=\"b9b29f4\" data-e-action-hash=\"#elementor-action%3Aaction%3Dlightbox%26settings%3DeyJpZCI6NDUyOTcsInVybCI6Imh0dHBzOlwvXC93d3cucHJvZ2V0dGlmb3RvZ3JhZmljaS5jb21cL3dwLWNvbnRlbnRcL3VwbG9hZHNcLzIwMjBcLzAxXC92aWxsYS1hdXJhLWRlbC1sYWdvLWZpcnN0LWxvb2stMDIuanBnIiwic2xpZGVzaG93IjoiYjliMjlmNCJ9\">\n\t\t\t\t\t<div class=\"e-gallery-image elementor-gallery-item__image\" data-thumbnail=\"https:\/\/www.progettifotografici.com\/wp-content\/uploads\/2020\/01\/villa-aura-del-lago-first-look-02-722x481.jpg\" data-width=\"722\" data-height=\"481\" aria-label=\"First look at Villa Aura del Lago, the bride is behind the groom.\" role=\"img\" ><\/div>\n\t\t\t\t\t\t\t\t\t\t\t\t\t\t<\/a>\n\t\t\t\t\t\t\t<a class=\"e-gallery-item elementor-gallery-item\" href=\"https:\/\/www.progettifotografici.com\/wp-content\/uploads\/2020\/01\/villa-aura-del-lago-first-look-03.jpg\" data-elementor-open-lightbox=\"yes\" data-elementor-lightbox-slideshow=\"b9b29f4\" data-e-action-hash=\"#elementor-action%3Aaction%3Dlightbox%26settings%3DeyJpZCI6NDUyOTksInVybCI6Imh0dHBzOlwvXC93d3cucHJvZ2V0dGlmb3RvZ3JhZmljaS5jb21cL3dwLWNvbnRlbnRcL3VwbG9hZHNcLzIwMjBcLzAxXC92aWxsYS1hdXJhLWRlbC1sYWdvLWZpcnN0LWxvb2stMDMuanBnIiwic2xpZGVzaG93IjoiYjliMjlmNCJ9\">\n\t\t\t\t\t<div class=\"e-gallery-image elementor-gallery-item__image\" data-thumbnail=\"https:\/\/www.progettifotografici.com\/wp-content\/uploads\/2020\/01\/villa-aura-del-lago-first-look-03-722x481.jpg\" data-width=\"722\" data-height=\"481\" aria-label=\"First look at Villa Aura del Lago, the groom turns his back, then looking each other.\" role=\"img\" ><\/div>\n\t\t\t\t\t\t\t\t\t\t\t\t\t\t<\/a>\n\t\t\t\t\t\t\t<a class=\"e-gallery-item elementor-gallery-item\" href=\"https:\/\/www.progettifotografici.com\/wp-content\/uploads\/2020\/01\/villa-aura-del-lago-first-look-04.jpg\" data-elementor-open-lightbox=\"yes\" data-elementor-lightbox-slideshow=\"b9b29f4\" data-e-action-hash=\"#elementor-action%3Aaction%3Dlightbox%26settings%3DeyJpZCI6NDUzMDEsInVybCI6Imh0dHBzOlwvXC93d3cucHJvZ2V0dGlmb3RvZ3JhZmljaS5jb21cL3dwLWNvbnRlbnRcL3VwbG9hZHNcLzIwMjBcLzAxXC92aWxsYS1hdXJhLWRlbC1sYWdvLWZpcnN0LWxvb2stMDQuanBnIiwic2xpZGVzaG93IjoiYjliMjlmNCJ9\">\n\t\t\t\t\t<div class=\"e-gallery-image elementor-gallery-item__image\" data-thumbnail=\"https:\/\/www.progettifotografici.com\/wp-content\/uploads\/2020\/01\/villa-aura-del-lago-first-look-04-722x481.jpg\" data-width=\"722\" data-height=\"481\" aria-label=\"First look at Villa Aura del Lago, the groom holds the bride&#039;s hands. They look each other.\" role=\"img\" ><\/div>\n\t\t\t\t\t\t\t\t\t\t\t\t\t\t<\/a>\n\t\t\t\t\t\t\t<a class=\"e-gallery-item elementor-gallery-item\" href=\"https:\/\/www.progettifotografici.com\/wp-content\/uploads\/2020\/01\/villa-aura-del-lago-bestmen-outfit.jpg\" data-elementor-open-lightbox=\"yes\" data-elementor-lightbox-slideshow=\"b9b29f4\" data-e-action-hash=\"#elementor-action%3Aaction%3Dlightbox%26settings%3DeyJpZCI6NDUzMDUsInVybCI6Imh0dHBzOlwvXC93d3cucHJvZ2V0dGlmb3RvZ3JhZmljaS5jb21cL3dwLWNvbnRlbnRcL3VwbG9hZHNcLzIwMjBcLzAxXC92aWxsYS1hdXJhLWRlbC1sYWdvLWJlc3RtZW4tb3V0Zml0LmpwZyIsInNsaWRlc2hvdyI6ImI5YjI5ZjQifQ%3D%3D\">\n\t\t\t\t\t<div class=\"e-gallery-image elementor-gallery-item__image\" data-thumbnail=\"https:\/\/www.progettifotografici.com\/wp-content\/uploads\/2020\/01\/villa-aura-del-lago-bestmen-outfit-722x481.jpg\" data-width=\"722\" data-height=\"481\" aria-label=\"First look at Villa Aura del Lago, the celebrant and the bestmen are looking at the bride and groom.\" role=\"img\" ><\/div>\n\t\t\t\t\t\t\t\t\t\t\t\t\t\t<\/a>\n\t\t\t\t\t\t\t<a class=\"e-gallery-item elementor-gallery-item\" href=\"https:\/\/www.progettifotografici.com\/wp-content\/uploads\/2020\/01\/villa-aura-del-lago-first-look-kiss.jpg\" data-elementor-open-lightbox=\"yes\" data-elementor-lightbox-slideshow=\"b9b29f4\" data-e-action-hash=\"#elementor-action%3Aaction%3Dlightbox%26settings%3DeyJpZCI6NDUzMDMsInVybCI6Imh0dHBzOlwvXC93d3cucHJvZ2V0dGlmb3RvZ3JhZmljaS5jb21cL3dwLWNvbnRlbnRcL3VwbG9hZHNcLzIwMjBcLzAxXC92aWxsYS1hdXJhLWRlbC1sYWdvLWZpcnN0LWxvb2sta2lzcy5qcGciLCJzbGlkZXNob3ciOiJiOWIyOWY0In0%3D\">\n\t\t\t\t\t<div class=\"e-gallery-image elementor-gallery-item__image\" data-thumbnail=\"https:\/\/www.progettifotografici.com\/wp-content\/uploads\/2020\/01\/villa-aura-del-lago-first-look-kiss-722x481.jpg\" data-width=\"722\" data-height=\"481\" aria-label=\"First look at Villa Aura del Lago, a closer frame with the groom kissing the bride&#039;s hand.\" role=\"img\" ><\/div>\n\t\t\t\t\t\t\t\t\t\t\t\t\t\t<\/a>\n\t\t\t\t\t\t\t<a class=\"e-gallery-item elementor-gallery-item\" href=\"https:\/\/www.progettifotografici.com\/wp-content\/uploads\/2020\/01\/villa-aura-del-lago-sunset-view.jpg\" data-elementor-open-lightbox=\"yes\" data-elementor-lightbox-slideshow=\"b9b29f4\" data-e-action-hash=\"#elementor-action%3Aaction%3Dlightbox%26settings%3DeyJpZCI6NDUyOTMsInVybCI6Imh0dHBzOlwvXC93d3cucHJvZ2V0dGlmb3RvZ3JhZmljaS5jb21cL3dwLWNvbnRlbnRcL3VwbG9hZHNcLzIwMjBcLzAxXC92aWxsYS1hdXJhLWRlbC1sYWdvLXN1bnNldC12aWV3LmpwZyIsInNsaWRlc2hvdyI6ImI5YjI5ZjQifQ%3D%3D\">\n\t\t\t\t\t<div class=\"e-gallery-image elementor-gallery-item__image\" data-thumbnail=\"https:\/\/www.progettifotografici.com\/wp-content\/uploads\/2020\/01\/villa-aura-del-lago-sunset-view-722x481.jpg\" data-width=\"722\" data-height=\"481\" aria-label=\"Lake Como from Villa Aura del Lago at the sunset.\" role=\"img\" ><\/div>\n\t\t\t\t\t\t\t\t\t\t\t\t\t\t<\/a>\n\t\t\t\t\t\t\t<a class=\"e-gallery-item elementor-gallery-item\" href=\"https:\/\/www.progettifotografici.com\/wp-content\/uploads\/2020\/01\/villa-aura-del-lago-sunset-wedding-celebration.jpg\" data-elementor-open-lightbox=\"yes\" data-elementor-lightbox-slideshow=\"b9b29f4\" data-e-action-hash=\"#elementor-action%3Aaction%3Dlightbox%26settings%3DeyJpZCI6NDUzMDcsInVybCI6Imh0dHBzOlwvXC93d3cucHJvZ2V0dGlmb3RvZ3JhZmljaS5jb21cL3dwLWNvbnRlbnRcL3VwbG9hZHNcLzIwMjBcLzAxXC92aWxsYS1hdXJhLWRlbC1sYWdvLXN1bnNldC13ZWRkaW5nLWNlbGVicmF0aW9uLmpwZyIsInNsaWRlc2hvdyI6ImI5YjI5ZjQifQ%3D%3D\">\n\t\t\t\t\t<div class=\"e-gallery-image elementor-gallery-item__image\" data-thumbnail=\"https:\/\/www.progettifotografici.com\/wp-content\/uploads\/2020\/01\/villa-aura-del-lago-sunset-wedding-celebration-722x481.jpg\" data-width=\"722\" data-height=\"481\" aria-label=\"The wedding ceremony starts in the outdoor space of Villa Aura del Lago.\" role=\"img\" ><\/div>\n\t\t\t\t\t\t\t\t\t\t\t\t\t\t<\/a>\n\t\t\t\t\t\t\t<a class=\"e-gallery-item elementor-gallery-item\" href=\"https:\/\/www.progettifotografici.com\/wp-content\/uploads\/2020\/01\/cerimonie-laiche-ludovina-matteazzi.jpg\" data-elementor-open-lightbox=\"yes\" data-elementor-lightbox-slideshow=\"b9b29f4\" data-e-action-hash=\"#elementor-action%3Aaction%3Dlightbox%26settings%3DeyJpZCI6NDUzMDksInVybCI6Imh0dHBzOlwvXC93d3cucHJvZ2V0dGlmb3RvZ3JhZmljaS5jb21cL3dwLWNvbnRlbnRcL3VwbG9hZHNcLzIwMjBcLzAxXC9jZXJpbW9uaWUtbGFpY2hlLWx1ZG92aW5hLW1hdHRlYXp6aS5qcGciLCJzbGlkZXNob3ciOiJiOWIyOWY0In0%3D\">\n\t\t\t\t\t<div class=\"e-gallery-image elementor-gallery-item__image\" data-thumbnail=\"https:\/\/www.progettifotografici.com\/wp-content\/uploads\/2020\/01\/cerimonie-laiche-ludovina-matteazzi-722x481.jpg\" data-width=\"722\" data-height=\"481\" aria-label=\"Ludovina Matteazzi of Cerimonie Laiche conducting the wedding ceremony\" role=\"img\" ><\/div>\n\t\t\t\t\t\t\t\t\t\t\t\t\t\t<\/a>\n\t\t\t\t\t\t\t<a class=\"e-gallery-item elementor-gallery-item\" href=\"https:\/\/www.progettifotografici.com\/wp-content\/uploads\/2020\/01\/villa-aura-del-lago-bride-groom.jpg\" data-elementor-open-lightbox=\"yes\" data-elementor-lightbox-slideshow=\"b9b29f4\" data-e-action-hash=\"#elementor-action%3Aaction%3Dlightbox%26settings%3DeyJpZCI6NDUzMTEsInVybCI6Imh0dHBzOlwvXC93d3cucHJvZ2V0dGlmb3RvZ3JhZmljaS5jb21cL3dwLWNvbnRlbnRcL3VwbG9hZHNcLzIwMjBcLzAxXC92aWxsYS1hdXJhLWRlbC1sYWdvLWJyaWRlLWdyb29tLmpwZyIsInNsaWRlc2hvdyI6ImI5YjI5ZjQifQ%3D%3D\">\n\t\t\t\t\t<div class=\"e-gallery-image elementor-gallery-item__image\" data-thumbnail=\"https:\/\/www.progettifotografici.com\/wp-content\/uploads\/2020\/01\/villa-aura-del-lago-bride-groom-722x481.jpg\" data-width=\"722\" data-height=\"481\" aria-label=\"The bride and groom during the wedding celebration in the outdoor space of Villa Aura del Lago.\" role=\"img\" ><\/div>\n\t\t\t\t\t\t\t\t\t\t\t\t\t\t<\/a>\n\t\t\t\t\t\t\t<a class=\"e-gallery-item elementor-gallery-item\" href=\"https:\/\/www.progettifotografici.com\/wp-content\/uploads\/2020\/01\/villa-aura-del-lago-bride-groom-smiling.jpg\" data-elementor-open-lightbox=\"yes\" data-elementor-lightbox-slideshow=\"b9b29f4\" data-e-action-hash=\"#elementor-action%3Aaction%3Dlightbox%26settings%3DeyJpZCI6NDUzMTMsInVybCI6Imh0dHBzOlwvXC93d3cucHJvZ2V0dGlmb3RvZ3JhZmljaS5jb21cL3dwLWNvbnRlbnRcL3VwbG9hZHNcLzIwMjBcLzAxXC92aWxsYS1hdXJhLWRlbC1sYWdvLWJyaWRlLWdyb29tLXNtaWxpbmcuanBnIiwic2xpZGVzaG93IjoiYjliMjlmNCJ9\">\n\t\t\t\t\t<div class=\"e-gallery-image elementor-gallery-item__image\" data-thumbnail=\"https:\/\/www.progettifotografici.com\/wp-content\/uploads\/2020\/01\/villa-aura-del-lago-bride-groom-smiling-722x481.jpg\" data-width=\"722\" data-height=\"481\" aria-label=\"The bride and groom smiling during the wedding celebration.\" role=\"img\" ><\/div>\n\t\t\t\t\t\t\t\t\t\t\t\t\t\t<\/a>\n\t\t\t\t\t\t\t<a class=\"e-gallery-item elementor-gallery-item\" href=\"https:\/\/www.progettifotografici.com\/wp-content\/uploads\/2020\/01\/villa-aura-del-lago-wows-exchange.jpg\" data-elementor-open-lightbox=\"yes\" data-elementor-lightbox-slideshow=\"b9b29f4\" data-e-action-hash=\"#elementor-action%3Aaction%3Dlightbox%26settings%3DeyJpZCI6NDUzMTUsInVybCI6Imh0dHBzOlwvXC93d3cucHJvZ2V0dGlmb3RvZ3JhZmljaS5jb21cL3dwLWNvbnRlbnRcL3VwbG9hZHNcLzIwMjBcLzAxXC92aWxsYS1hdXJhLWRlbC1sYWdvLXdvd3MtZXhjaGFuZ2UuanBnIiwic2xpZGVzaG93IjoiYjliMjlmNCJ9\">\n\t\t\t\t\t<div class=\"e-gallery-image elementor-gallery-item__image\" data-thumbnail=\"https:\/\/www.progettifotografici.com\/wp-content\/uploads\/2020\/01\/villa-aura-del-lago-wows-exchange-722x481.jpg\" data-width=\"722\" data-height=\"481\" aria-label=\"The groom during the wedding wows. The ceremony was held in the outdoor space of Villa Aura del Lago.\" role=\"img\" ><\/div>\n\t\t\t\t\t\t\t\t\t\t\t\t\t\t<\/a>\n\t\t\t\t\t\t\t<a class=\"e-gallery-item elementor-gallery-item\" href=\"https:\/\/www.progettifotografici.com\/wp-content\/uploads\/2020\/01\/bridal-dress-le-spose-di-gio.jpg\" data-elementor-open-lightbox=\"yes\" data-elementor-lightbox-slideshow=\"b9b29f4\" data-e-action-hash=\"#elementor-action%3Aaction%3Dlightbox%26settings%3DeyJpZCI6NDUzMTcsInVybCI6Imh0dHBzOlwvXC93d3cucHJvZ2V0dGlmb3RvZ3JhZmljaS5jb21cL3dwLWNvbnRlbnRcL3VwbG9hZHNcLzIwMjBcLzAxXC9icmlkYWwtZHJlc3MtbGUtc3Bvc2UtZGktZ2lvLmpwZyIsInNsaWRlc2hvdyI6ImI5YjI5ZjQifQ%3D%3D\">\n\t\t\t\t\t<div class=\"e-gallery-image elementor-gallery-item__image\" data-thumbnail=\"https:\/\/www.progettifotografici.com\/wp-content\/uploads\/2020\/01\/bridal-dress-le-spose-di-gio-722x481.jpg\" data-width=\"722\" data-height=\"481\" aria-label=\"A detail of the bridal gown by Le Spose di Gi\u00f2.\" role=\"img\" ><\/div>\n\t\t\t\t\t\t\t\t\t\t\t\t\t\t<\/a>\n\t\t\t\t\t\t\t<a class=\"e-gallery-item elementor-gallery-item\" href=\"https:\/\/www.progettifotografici.com\/wp-content\/uploads\/2020\/01\/wedding-rings-glass-metal-musk-box-set.jpg\" data-elementor-open-lightbox=\"yes\" data-elementor-lightbox-slideshow=\"b9b29f4\" data-e-action-hash=\"#elementor-action%3Aaction%3Dlightbox%26settings%3DeyJpZCI6NDUzMTksInVybCI6Imh0dHBzOlwvXC93d3cucHJvZ2V0dGlmb3RvZ3JhZmljaS5jb21cL3dwLWNvbnRlbnRcL3VwbG9hZHNcLzIwMjBcLzAxXC93ZWRkaW5nLXJpbmdzLWdsYXNzLW1ldGFsLW11c2stYm94LXNldC5qcGciLCJzbGlkZXNob3ciOiJiOWIyOWY0In0%3D\">\n\t\t\t\t\t<div class=\"e-gallery-image elementor-gallery-item__image\" data-thumbnail=\"https:\/\/www.progettifotografici.com\/wp-content\/uploads\/2020\/01\/wedding-rings-glass-metal-musk-box-set-722x481.jpg\" data-width=\"722\" data-height=\"481\" aria-label=\"A close up the wedding rings in their glass and metal box set. The base is softened with musk.\" role=\"img\" ><\/div>\n\t\t\t\t\t\t\t\t\t\t\t\t\t\t<\/a>\n\t\t\t\t\t\t\t<a class=\"e-gallery-item elementor-gallery-item\" href=\"https:\/\/www.progettifotografici.com\/wp-content\/uploads\/2020\/01\/villa-aura-del-lago-cerimonie-laiche.jpg\" data-elementor-open-lightbox=\"yes\" data-elementor-lightbox-slideshow=\"b9b29f4\" data-e-action-hash=\"#elementor-action%3Aaction%3Dlightbox%26settings%3DeyJpZCI6NDUzMjEsInVybCI6Imh0dHBzOlwvXC93d3cucHJvZ2V0dGlmb3RvZ3JhZmljaS5jb21cL3dwLWNvbnRlbnRcL3VwbG9hZHNcLzIwMjBcLzAxXC92aWxsYS1hdXJhLWRlbC1sYWdvLWNlcmltb25pZS1sYWljaGUuanBnIiwic2xpZGVzaG93IjoiYjliMjlmNCJ9\">\n\t\t\t\t\t<div class=\"e-gallery-image elementor-gallery-item__image\" data-thumbnail=\"https:\/\/www.progettifotografici.com\/wp-content\/uploads\/2020\/01\/villa-aura-del-lago-cerimonie-laiche-722x481.jpg\" data-width=\"722\" data-height=\"481\" aria-label=\"Ludovina Matteazzi of Cerimonie Laiche hands the ring to the groom.\" role=\"img\" ><\/div>\n\t\t\t\t\t\t\t\t\t\t\t\t\t\t<\/a>\n\t\t\t\t\t\t\t<a class=\"e-gallery-item elementor-gallery-item\" href=\"https:\/\/www.progettifotografici.com\/wp-content\/uploads\/2020\/01\/villa-aura-del-lago-exchange-of-rings.jpg\" data-elementor-open-lightbox=\"yes\" data-elementor-lightbox-slideshow=\"b9b29f4\" data-e-action-hash=\"#elementor-action%3Aaction%3Dlightbox%26settings%3DeyJpZCI6NDUzMjMsInVybCI6Imh0dHBzOlwvXC93d3cucHJvZ2V0dGlmb3RvZ3JhZmljaS5jb21cL3dwLWNvbnRlbnRcL3VwbG9hZHNcLzIwMjBcLzAxXC92aWxsYS1hdXJhLWRlbC1sYWdvLWV4Y2hhbmdlLW9mLXJpbmdzLmpwZyIsInNsaWRlc2hvdyI6ImI5YjI5ZjQifQ%3D%3D\">\n\t\t\t\t\t<div class=\"e-gallery-image elementor-gallery-item__image\" data-thumbnail=\"https:\/\/www.progettifotografici.com\/wp-content\/uploads\/2020\/01\/villa-aura-del-lago-exchange-of-rings-722x481.jpg\" data-width=\"722\" data-height=\"481\" aria-label=\"Wedding ceremony. The groom kisses the ring before to stick it on the bride&#039;s finger.\" role=\"img\" ><\/div>\n\t\t\t\t\t\t\t\t\t\t\t\t\t\t<\/a>\n\t\t\t\t\t\t\t<a class=\"e-gallery-item elementor-gallery-item\" href=\"https:\/\/www.progettifotografici.com\/wp-content\/uploads\/2020\/01\/villa-aura-del-lago-exchange-rings-02.jpg\" data-elementor-open-lightbox=\"yes\" data-elementor-lightbox-slideshow=\"b9b29f4\" data-e-action-hash=\"#elementor-action%3Aaction%3Dlightbox%26settings%3DeyJpZCI6NDUzMjUsInVybCI6Imh0dHBzOlwvXC93d3cucHJvZ2V0dGlmb3RvZ3JhZmljaS5jb21cL3dwLWNvbnRlbnRcL3VwbG9hZHNcLzIwMjBcLzAxXC92aWxsYS1hdXJhLWRlbC1sYWdvLWV4Y2hhbmdlLXJpbmdzLTAyLmpwZyIsInNsaWRlc2hvdyI6ImI5YjI5ZjQifQ%3D%3D\">\n\t\t\t\t\t<div class=\"e-gallery-image elementor-gallery-item__image\" data-thumbnail=\"https:\/\/www.progettifotografici.com\/wp-content\/uploads\/2020\/01\/villa-aura-del-lago-exchange-rings-02-722x481.jpg\" data-width=\"722\" data-height=\"481\" aria-label=\"Wedding ceremony. The bride sticks the ring on the groom&#039;s finger.\" role=\"img\" ><\/div>\n\t\t\t\t\t\t\t\t\t\t\t\t\t\t<\/a>\n\t\t\t\t\t\t\t<a class=\"e-gallery-item elementor-gallery-item\" href=\"https:\/\/www.progettifotografici.com\/wp-content\/uploads\/2020\/01\/villa-aura-del-lago-flower-petal-throwing.jpg\" data-elementor-open-lightbox=\"yes\" data-elementor-lightbox-slideshow=\"b9b29f4\" data-e-action-hash=\"#elementor-action%3Aaction%3Dlightbox%26settings%3DeyJpZCI6NDUzMjcsInVybCI6Imh0dHBzOlwvXC93d3cucHJvZ2V0dGlmb3RvZ3JhZmljaS5jb21cL3dwLWNvbnRlbnRcL3VwbG9hZHNcLzIwMjBcLzAxXC92aWxsYS1hdXJhLWRlbC1sYWdvLWZsb3dlci1wZXRhbC10aHJvd2luZy5qcGciLCJzbGlkZXNob3ciOiJiOWIyOWY0In0%3D\">\n\t\t\t\t\t<div class=\"e-gallery-image elementor-gallery-item__image\" data-thumbnail=\"https:\/\/www.progettifotografici.com\/wp-content\/uploads\/2020\/01\/villa-aura-del-lago-flower-petal-throwing-722x481.jpg\" data-width=\"722\" data-height=\"481\" aria-label=\"Wedding ceremony at Villa Aura del Lago: the petal throwing at the end of the celebration.\" role=\"img\" ><\/div>\n\t\t\t\t\t\t\t\t\t\t\t\t\t\t<\/a>\n\t\t\t\t\t\t\t<a class=\"e-gallery-item elementor-gallery-item\" href=\"https:\/\/www.progettifotografici.com\/wp-content\/uploads\/2020\/01\/villa-aura-del-lago-wedding.jpg\" data-elementor-open-lightbox=\"yes\" data-elementor-lightbox-slideshow=\"b9b29f4\" data-e-action-hash=\"#elementor-action%3Aaction%3Dlightbox%26settings%3DeyJpZCI6NDUzMzUsInVybCI6Imh0dHBzOlwvXC93d3cucHJvZ2V0dGlmb3RvZ3JhZmljaS5jb21cL3dwLWNvbnRlbnRcL3VwbG9hZHNcLzIwMjBcLzAxXC92aWxsYS1hdXJhLWRlbC1sYWdvLXdlZGRpbmcuanBnIiwic2xpZGVzaG93IjoiYjliMjlmNCJ9\">\n\t\t\t\t\t<div class=\"e-gallery-image elementor-gallery-item__image\" data-thumbnail=\"https:\/\/www.progettifotografici.com\/wp-content\/uploads\/2020\/01\/villa-aura-del-lago-wedding-722x481.jpg\" data-width=\"722\" data-height=\"481\" aria-label=\"Villa Aura del Lago, wedding. Stunning scenery at the sunset with the bride and groom at the balcony.\" role=\"img\" ><\/div>\n\t\t\t\t\t\t\t\t\t\t\t\t\t\t<\/a>\n\t\t\t\t\t\t\t<a class=\"e-gallery-item elementor-gallery-item\" href=\"https:\/\/www.progettifotografici.com\/wp-content\/uploads\/2020\/01\/villa-aura-del-lago-fall-wedding-table-set-up.jpg\" data-elementor-open-lightbox=\"yes\" data-elementor-lightbox-slideshow=\"b9b29f4\" data-e-action-hash=\"#elementor-action%3Aaction%3Dlightbox%26settings%3DeyJpZCI6NDUzMjksInVybCI6Imh0dHBzOlwvXC93d3cucHJvZ2V0dGlmb3RvZ3JhZmljaS5jb21cL3dwLWNvbnRlbnRcL3VwbG9hZHNcLzIwMjBcLzAxXC92aWxsYS1hdXJhLWRlbC1sYWdvLWZhbGwtd2VkZGluZy10YWJsZS1zZXQtdXAuanBnIiwic2xpZGVzaG93IjoiYjliMjlmNCJ9\">\n\t\t\t\t\t<div class=\"e-gallery-image elementor-gallery-item__image\" data-thumbnail=\"https:\/\/www.progettifotografici.com\/wp-content\/uploads\/2020\/01\/villa-aura-del-lago-fall-wedding-table-set-up-722x481.jpg\" data-width=\"722\" data-height=\"481\" aria-label=\"Wedding photoshoot at Villa Aura del Lago: the table set-up.\" role=\"img\" ><\/div>\n\t\t\t\t\t\t\t\t\t\t\t\t\t\t<\/a>\n\t\t\t\t\t\t\t<a class=\"e-gallery-item elementor-gallery-item\" href=\"https:\/\/www.progettifotografici.com\/wp-content\/uploads\/2020\/01\/villa-aura-del-lago-fall-wedding.jpg\" data-elementor-open-lightbox=\"yes\" data-elementor-lightbox-slideshow=\"b9b29f4\" data-e-action-hash=\"#elementor-action%3Aaction%3Dlightbox%26settings%3DeyJpZCI6NDUzMzEsInVybCI6Imh0dHBzOlwvXC93d3cucHJvZ2V0dGlmb3RvZ3JhZmljaS5jb21cL3dwLWNvbnRlbnRcL3VwbG9hZHNcLzIwMjBcLzAxXC92aWxsYS1hdXJhLWRlbC1sYWdvLWZhbGwtd2VkZGluZy5qcGciLCJzbGlkZXNob3ciOiJiOWIyOWY0In0%3D\">\n\t\t\t\t\t<div class=\"e-gallery-image elementor-gallery-item__image\" data-thumbnail=\"https:\/\/www.progettifotografici.com\/wp-content\/uploads\/2020\/01\/villa-aura-del-lago-fall-wedding-722x481.jpg\" data-width=\"722\" data-height=\"481\" aria-label=\"Wedding photoshoot at Villa Aura del Lago: the centrepiece with flowers and candles.\" role=\"img\" ><\/div>\n\t\t\t\t\t\t\t\t\t\t\t\t\t\t<\/a>\n\t\t\t\t\t\t\t<a class=\"e-gallery-item elementor-gallery-item\" href=\"https:\/\/www.progettifotografici.com\/wp-content\/uploads\/2020\/01\/villa-aura-del-lago-sunset-landscape.jpg\" data-elementor-open-lightbox=\"yes\" data-elementor-lightbox-slideshow=\"b9b29f4\" data-e-action-hash=\"#elementor-action%3Aaction%3Dlightbox%26settings%3DeyJpZCI6NDUzMzMsInVybCI6Imh0dHBzOlwvXC93d3cucHJvZ2V0dGlmb3RvZ3JhZmljaS5jb21cL3dwLWNvbnRlbnRcL3VwbG9hZHNcLzIwMjBcLzAxXC92aWxsYS1hdXJhLWRlbC1sYWdvLXN1bnNldC1sYW5kc2NhcGUuanBnIiwic2xpZGVzaG93IjoiYjliMjlmNCJ9\">\n\t\t\t\t\t<div class=\"e-gallery-image elementor-gallery-item__image\" data-thumbnail=\"https:\/\/www.progettifotografici.com\/wp-content\/uploads\/2020\/01\/villa-aura-del-lago-sunset-landscape-722x481.jpg\" data-width=\"722\" data-height=\"481\" aria-label=\"A sunset scenery taken from Villa Aura del Lago.\" role=\"img\" ><\/div>\n\t\t\t\t\t\t\t\t\t\t\t\t\t\t<\/a>\n\t\t\t\t\t\t\t<a class=\"e-gallery-item elementor-gallery-item\" href=\"https:\/\/www.progettifotografici.com\/wp-content\/uploads\/2020\/01\/villa-aura-del-lago-balcony.jpg\" data-elementor-open-lightbox=\"yes\" data-elementor-lightbox-slideshow=\"b9b29f4\" data-e-action-hash=\"#elementor-action%3Aaction%3Dlightbox%26settings%3DeyJpZCI6NDUzMzcsInVybCI6Imh0dHBzOlwvXC93d3cucHJvZ2V0dGlmb3RvZ3JhZmljaS5jb21cL3dwLWNvbnRlbnRcL3VwbG9hZHNcLzIwMjBcLzAxXC92aWxsYS1hdXJhLWRlbC1sYWdvLWJhbGNvbnkuanBnIiwic2xpZGVzaG93IjoiYjliMjlmNCJ9\">\n\t\t\t\t\t<div class=\"e-gallery-image elementor-gallery-item__image\" data-thumbnail=\"https:\/\/www.progettifotografici.com\/wp-content\/uploads\/2020\/01\/villa-aura-del-lago-balcony-722x481.jpg\" data-width=\"722\" data-height=\"481\" aria-label=\"The bride and groom talking the the bridesmaid and the bestman on the balcony of Villa Aura del Lago.\" role=\"img\" ><\/div>\n\t\t\t\t\t\t\t\t\t\t\t\t\t\t<\/a>\n\t\t\t\t\t\t\t<a class=\"e-gallery-item elementor-gallery-item\" href=\"https:\/\/www.progettifotografici.com\/wp-content\/uploads\/2020\/01\/villa-aura-del-lago-balcony-toast.jpg\" data-elementor-open-lightbox=\"yes\" data-elementor-lightbox-slideshow=\"b9b29f4\" data-e-action-hash=\"#elementor-action%3Aaction%3Dlightbox%26settings%3DeyJpZCI6NDUzMzksInVybCI6Imh0dHBzOlwvXC93d3cucHJvZ2V0dGlmb3RvZ3JhZmljaS5jb21cL3dwLWNvbnRlbnRcL3VwbG9hZHNcLzIwMjBcLzAxXC92aWxsYS1hdXJhLWRlbC1sYWdvLWJhbGNvbnktdG9hc3QuanBnIiwic2xpZGVzaG93IjoiYjliMjlmNCJ9\">\n\t\t\t\t\t<div class=\"e-gallery-image elementor-gallery-item__image\" data-thumbnail=\"https:\/\/www.progettifotografici.com\/wp-content\/uploads\/2020\/01\/villa-aura-del-lago-balcony-toast-722x481.jpg\" data-width=\"722\" data-height=\"481\" aria-label=\"The bride and groom having their toast together with the bridesmaid ant the bestmen.\" role=\"img\" ><\/div>\n\t\t\t\t\t\t\t\t\t\t\t\t\t\t<\/a>\n\t\t\t\t\t\t\t<a class=\"e-gallery-item elementor-gallery-item\" href=\"https:\/\/www.progettifotografici.com\/wp-content\/uploads\/2020\/01\/lake-como-sunset.jpg\" data-elementor-open-lightbox=\"yes\" data-elementor-lightbox-slideshow=\"b9b29f4\" data-e-action-hash=\"#elementor-action%3Aaction%3Dlightbox%26settings%3DeyJpZCI6NDUzNDEsInVybCI6Imh0dHBzOlwvXC93d3cucHJvZ2V0dGlmb3RvZ3JhZmljaS5jb21cL3dwLWNvbnRlbnRcL3VwbG9hZHNcLzIwMjBcLzAxXC9sYWtlLWNvbW8tc3Vuc2V0LmpwZyIsInNsaWRlc2hvdyI6ImI5YjI5ZjQifQ%3D%3D\">\n\t\t\t\t\t<div class=\"e-gallery-image elementor-gallery-item__image\" data-thumbnail=\"https:\/\/www.progettifotografici.com\/wp-content\/uploads\/2020\/01\/lake-como-sunset-722x481.jpg\" data-width=\"722\" data-height=\"481\" aria-label=\"lake Como. The blue hour is starting and the sunset is ending.\" role=\"img\" ><\/div>\n\t\t\t\t\t\t\t\t\t\t\t\t\t\t<\/a>\n\t\t\t\t\t\t\t<a class=\"e-gallery-item elementor-gallery-item\" href=\"https:\/\/www.progettifotografici.com\/wp-content\/uploads\/2020\/01\/wedding-villa-aura-del-lago-table-set-up.jpg\" data-elementor-open-lightbox=\"yes\" data-elementor-lightbox-slideshow=\"b9b29f4\" data-e-action-hash=\"#elementor-action%3Aaction%3Dlightbox%26settings%3DeyJpZCI6NDUzNDMsInVybCI6Imh0dHBzOlwvXC93d3cucHJvZ2V0dGlmb3RvZ3JhZmljaS5jb21cL3dwLWNvbnRlbnRcL3VwbG9hZHNcLzIwMjBcLzAxXC93ZWRkaW5nLXZpbGxhLWF1cmEtZGVsLWxhZ28tdGFibGUtc2V0LXVwLmpwZyIsInNsaWRlc2hvdyI6ImI5YjI5ZjQifQ%3D%3D\">\n\t\t\t\t\t<div class=\"e-gallery-image elementor-gallery-item__image\" data-thumbnail=\"https:\/\/www.progettifotografici.com\/wp-content\/uploads\/2020\/01\/wedding-villa-aura-del-lago-table-set-up-722x481.jpg\" data-width=\"722\" data-height=\"481\" aria-label=\"The gazebo set-up and the table set-up ready for the wedding dinner.\" role=\"img\" ><\/div>\n\t\t\t\t\t\t\t\t\t\t\t\t\t\t<\/a>\n\t\t\t\t\t\t\t<a class=\"e-gallery-item elementor-gallery-item\" href=\"https:\/\/www.progettifotografici.com\/wp-content\/uploads\/2020\/01\/villa-aura-del-lago-wedding-dinner-violin-player.jpg\" data-elementor-open-lightbox=\"yes\" data-elementor-lightbox-slideshow=\"b9b29f4\" data-e-action-hash=\"#elementor-action%3Aaction%3Dlightbox%26settings%3DeyJpZCI6NDUzNDUsInVybCI6Imh0dHBzOlwvXC93d3cucHJvZ2V0dGlmb3RvZ3JhZmljaS5jb21cL3dwLWNvbnRlbnRcL3VwbG9hZHNcLzIwMjBcLzAxXC92aWxsYS1hdXJhLWRlbC1sYWdvLXdlZGRpbmctZGlubmVyLXZpb2xpbi1wbGF5ZXIuanBnIiwic2xpZGVzaG93IjoiYjliMjlmNCJ9\">\n\t\t\t\t\t<div class=\"e-gallery-image elementor-gallery-item__image\" data-thumbnail=\"https:\/\/www.progettifotografici.com\/wp-content\/uploads\/2020\/01\/villa-aura-del-lago-wedding-dinner-violin-player-722x481.jpg\" data-width=\"722\" data-height=\"481\" aria-label=\"The violin player performs before the beginning fo the wedding dinner at Villa Aura del Lago.\" role=\"img\" ><\/div>\n\t\t\t\t\t\t\t\t\t\t\t\t\t\t<\/a>\n\t\t\t\t\t\t\t<a class=\"e-gallery-item elementor-gallery-item\" href=\"https:\/\/www.progettifotografici.com\/wp-content\/uploads\/2020\/01\/villa-aura-del-lago-wedding-dinner-classical-music.jpg\" data-elementor-open-lightbox=\"yes\" data-elementor-lightbox-slideshow=\"b9b29f4\" data-e-action-hash=\"#elementor-action%3Aaction%3Dlightbox%26settings%3DeyJpZCI6NDUzNDcsInVybCI6Imh0dHBzOlwvXC93d3cucHJvZ2V0dGlmb3RvZ3JhZmljaS5jb21cL3dwLWNvbnRlbnRcL3VwbG9hZHNcLzIwMjBcLzAxXC92aWxsYS1hdXJhLWRlbC1sYWdvLXdlZGRpbmctZGlubmVyLWNsYXNzaWNhbC1tdXNpYy5qcGciLCJzbGlkZXNob3ciOiJiOWIyOWY0In0%3D\">\n\t\t\t\t\t<div class=\"e-gallery-image elementor-gallery-item__image\" data-thumbnail=\"https:\/\/www.progettifotografici.com\/wp-content\/uploads\/2020\/01\/villa-aura-del-lago-wedding-dinner-classical-music-722x481.jpg\" data-width=\"722\" data-height=\"481\" aria-label=\"The bride and groom under the gazebo of Villa Aura del Lago listening at the classic music performance before the wedding dinner.\" role=\"img\" ><\/div>\n\t\t\t\t\t\t\t\t\t\t\t\t\t\t<\/a>\n\t\t\t\t\t\t\t<a class=\"e-gallery-item elementor-gallery-item\" href=\"https:\/\/www.progettifotografici.com\/wp-content\/uploads\/2020\/01\/villa-aura-del-lago-wedding-set-up.jpg\" data-elementor-open-lightbox=\"yes\" data-elementor-lightbox-slideshow=\"b9b29f4\" data-e-action-hash=\"#elementor-action%3Aaction%3Dlightbox%26settings%3DeyJpZCI6NDUzNDksInVybCI6Imh0dHBzOlwvXC93d3cucHJvZ2V0dGlmb3RvZ3JhZmljaS5jb21cL3dwLWNvbnRlbnRcL3VwbG9hZHNcLzIwMjBcLzAxXC92aWxsYS1hdXJhLWRlbC1sYWdvLXdlZGRpbmctc2V0LXVwLmpwZyIsInNsaWRlc2hvdyI6ImI5YjI5ZjQifQ%3D%3D\">\n\t\t\t\t\t<div class=\"e-gallery-image elementor-gallery-item__image\" data-thumbnail=\"https:\/\/www.progettifotografici.com\/wp-content\/uploads\/2020\/01\/villa-aura-del-lago-wedding-set-up-722x481.jpg\" data-width=\"722\" data-height=\"481\" aria-label=\"Applause for the violin player at Villa Aura del Lago. The wedding dinner can starts.\" role=\"img\" ><\/div>\n\t\t\t\t\t\t\t\t\t\t\t\t\t\t<\/a>\n\t\t\t\t\t\t\t<a class=\"e-gallery-item elementor-gallery-item\" href=\"https:\/\/www.progettifotografici.com\/wp-content\/uploads\/2020\/01\/villa-aura-del-lago-dinner.jpg\" data-elementor-open-lightbox=\"yes\" data-elementor-lightbox-slideshow=\"b9b29f4\" data-e-action-hash=\"#elementor-action%3Aaction%3Dlightbox%26settings%3DeyJpZCI6NDUzNTEsInVybCI6Imh0dHBzOlwvXC93d3cucHJvZ2V0dGlmb3RvZ3JhZmljaS5jb21cL3dwLWNvbnRlbnRcL3VwbG9hZHNcLzIwMjBcLzAxXC92aWxsYS1hdXJhLWRlbC1sYWdvLWRpbm5lci5qcGciLCJzbGlkZXNob3ciOiJiOWIyOWY0In0%3D\">\n\t\t\t\t\t<div class=\"e-gallery-image elementor-gallery-item__image\" data-thumbnail=\"https:\/\/www.progettifotografici.com\/wp-content\/uploads\/2020\/01\/villa-aura-del-lago-dinner-722x481.jpg\" data-width=\"722\" data-height=\"481\" aria-label=\"The bride and groom smiling just before the beginning of the wedding dinner at Villa Aura del Lago.\" role=\"img\" ><\/div>\n\t\t\t\t\t\t\t\t\t\t\t\t\t\t<\/a>\n\t\t\t\t\t\t\t<a class=\"e-gallery-item elementor-gallery-item\" href=\"https:\/\/www.progettifotografici.com\/wp-content\/uploads\/2020\/01\/aura-del-lago-wedding-fall-mood-centrepiece.jpg\" data-elementor-open-lightbox=\"yes\" data-elementor-lightbox-slideshow=\"b9b29f4\" data-e-action-hash=\"#elementor-action%3Aaction%3Dlightbox%26settings%3DeyJpZCI6NDUzNTMsInVybCI6Imh0dHBzOlwvXC93d3cucHJvZ2V0dGlmb3RvZ3JhZmljaS5jb21cL3dwLWNvbnRlbnRcL3VwbG9hZHNcLzIwMjBcLzAxXC9hdXJhLWRlbC1sYWdvLXdlZGRpbmctZmFsbC1tb29kLWNlbnRyZXBpZWNlLmpwZyIsInNsaWRlc2hvdyI6ImI5YjI5ZjQifQ%3D%3D\">\n\t\t\t\t\t<div class=\"e-gallery-image elementor-gallery-item__image\" data-thumbnail=\"https:\/\/www.progettifotografici.com\/wp-content\/uploads\/2020\/01\/aura-del-lago-wedding-fall-mood-centrepiece-722x481.jpg\" data-width=\"722\" data-height=\"481\" aria-label=\"A close-up of the centerpiece at the wedding table.\" role=\"img\" ><\/div>\n\t\t\t\t\t\t\t\t\t\t\t\t\t\t<\/a>\n\t\t\t\t\t\t\t<a class=\"e-gallery-item elementor-gallery-item\" href=\"https:\/\/www.progettifotografici.com\/wp-content\/uploads\/2020\/01\/villa-aura-del-lago-wedding-table-set-up.jpg\" data-elementor-open-lightbox=\"yes\" data-elementor-lightbox-slideshow=\"b9b29f4\" data-e-action-hash=\"#elementor-action%3Aaction%3Dlightbox%26settings%3DeyJpZCI6NDUzNTcsInVybCI6Imh0dHBzOlwvXC93d3cucHJvZ2V0dGlmb3RvZ3JhZmljaS5jb21cL3dwLWNvbnRlbnRcL3VwbG9hZHNcLzIwMjBcLzAxXC92aWxsYS1hdXJhLWRlbC1sYWdvLXdlZGRpbmctdGFibGUtc2V0LXVwLmpwZyIsInNsaWRlc2hvdyI6ImI5YjI5ZjQifQ%3D%3D\">\n\t\t\t\t\t<div class=\"e-gallery-image elementor-gallery-item__image\" data-thumbnail=\"https:\/\/www.progettifotografici.com\/wp-content\/uploads\/2020\/01\/villa-aura-del-lago-wedding-table-set-up-722x481.jpg\" data-width=\"722\" data-height=\"481\" aria-label=\"A detail of the wedding table with a golden leaf in relief.\" role=\"img\" ><\/div>\n\t\t\t\t\t\t\t\t\t\t\t\t\t\t<\/a>\n\t\t\t\t\t\t\t<a class=\"e-gallery-item elementor-gallery-item\" href=\"https:\/\/www.progettifotografici.com\/wp-content\/uploads\/2020\/01\/bridal-chair.jpg\" data-elementor-open-lightbox=\"yes\" data-elementor-lightbox-slideshow=\"b9b29f4\" data-e-action-hash=\"#elementor-action%3Aaction%3Dlightbox%26settings%3DeyJpZCI6NDUzNjUsInVybCI6Imh0dHBzOlwvXC93d3cucHJvZ2V0dGlmb3RvZ3JhZmljaS5jb21cL3dwLWNvbnRlbnRcL3VwbG9hZHNcLzIwMjBcLzAxXC9icmlkYWwtY2hhaXIuanBnIiwic2xpZGVzaG93IjoiYjliMjlmNCJ9\">\n\t\t\t\t\t<div class=\"e-gallery-image elementor-gallery-item__image\" data-thumbnail=\"https:\/\/www.progettifotografici.com\/wp-content\/uploads\/2020\/01\/bridal-chair-722x481.jpg\" data-width=\"722\" data-height=\"481\" aria-label=\"A detail with rusty and golden textures on the bride&#039;s chair. Image taken during the wedding dinner.\" role=\"img\" ><\/div>\n\t\t\t\t\t\t\t\t\t\t\t\t\t\t<\/a>\n\t\t\t\t\t\t\t<a class=\"e-gallery-item elementor-gallery-item\" href=\"https:\/\/www.progettifotografici.com\/wp-content\/uploads\/2020\/01\/villa-aura-del-lago-pergola-cake-cutting.jpg\" data-elementor-open-lightbox=\"yes\" data-elementor-lightbox-slideshow=\"b9b29f4\" data-e-action-hash=\"#elementor-action%3Aaction%3Dlightbox%26settings%3DeyJpZCI6NDUzNTksInVybCI6Imh0dHBzOlwvXC93d3cucHJvZ2V0dGlmb3RvZ3JhZmljaS5jb21cL3dwLWNvbnRlbnRcL3VwbG9hZHNcLzIwMjBcLzAxXC92aWxsYS1hdXJhLWRlbC1sYWdvLXBlcmdvbGEtY2FrZS1jdXR0aW5nLmpwZyIsInNsaWRlc2hvdyI6ImI5YjI5ZjQifQ%3D%3D\">\n\t\t\t\t\t<div class=\"e-gallery-image elementor-gallery-item__image\" data-thumbnail=\"https:\/\/www.progettifotografici.com\/wp-content\/uploads\/2020\/01\/villa-aura-del-lago-pergola-cake-cutting-722x481.jpg\" data-width=\"722\" data-height=\"481\" aria-label=\"Cutting of the cake under the pergola (arbor) at Villa Aura del Lago.\" role=\"img\" ><\/div>\n\t\t\t\t\t\t\t\t\t\t\t\t\t\t<\/a>\n\t\t\t\t\t\t\t<a class=\"e-gallery-item elementor-gallery-item\" href=\"https:\/\/www.progettifotografici.com\/wp-content\/uploads\/2020\/01\/bespoke-unique-weddings-and-events.jpg\" data-elementor-open-lightbox=\"yes\" data-elementor-lightbox-slideshow=\"b9b29f4\" data-e-action-hash=\"#elementor-action%3Aaction%3Dlightbox%26settings%3DeyJpZCI6NDUzNjMsInVybCI6Imh0dHBzOlwvXC93d3cucHJvZ2V0dGlmb3RvZ3JhZmljaS5jb21cL3dwLWNvbnRlbnRcL3VwbG9hZHNcLzIwMjBcLzAxXC9iZXNwb2tlLXVuaXF1ZS13ZWRkaW5ncy1hbmQtZXZlbnRzLmpwZyIsInNsaWRlc2hvdyI6ImI5YjI5ZjQifQ%3D%3D\">\n\t\t\t\t\t<div class=\"e-gallery-image elementor-gallery-item__image\" data-thumbnail=\"https:\/\/www.progettifotografici.com\/wp-content\/uploads\/2020\/01\/bespoke-unique-weddings-and-events-722x481.jpg\" data-width=\"722\" data-height=\"481\" aria-label=\"Bespoke Unique Weddings and Events.\" role=\"img\" ><\/div>\n\t\t\t\t\t\t\t\t\t\t\t\t\t\t<\/a>\n\t\t\t\t\t\t\t<a class=\"e-gallery-item elementor-gallery-item\" href=\"https:\/\/www.progettifotografici.com\/wp-content\/uploads\/2020\/01\/lake-como-by-night.jpg\" data-elementor-open-lightbox=\"yes\" data-elementor-lightbox-slideshow=\"b9b29f4\" data-e-action-hash=\"#elementor-action%3Aaction%3Dlightbox%26settings%3DeyJpZCI6NDUzNjEsInVybCI6Imh0dHBzOlwvXC93d3cucHJvZ2V0dGlmb3RvZ3JhZmljaS5jb21cL3dwLWNvbnRlbnRcL3VwbG9hZHNcLzIwMjBcLzAxXC9sYWtlLWNvbW8tYnktbmlnaHQuanBnIiwic2xpZGVzaG93IjoiYjliMjlmNCJ9\">\n\t\t\t\t\t<div class=\"e-gallery-image elementor-gallery-item__image\" data-thumbnail=\"https:\/\/www.progettifotografici.com\/wp-content\/uploads\/2020\/01\/lake-como-by-night-722x481.jpg\" data-width=\"722\" data-height=\"481\" aria-label=\"Night light reflections looking at Lake Como.\" role=\"img\" ><\/div>\n\t\t\t\t\t\t\t\t\t\t\t\t\t\t<\/a>\n\t\t\t\t\t<\/div>\n\t\t\t\t\t<\/div>\n\t\t\t\t<\/div>\n\t\t\t\t<div class=\"elementor-element elementor-element-8108af9 elementor-widget-divider--view-line elementor-widget elementor-widget-divider\" data-id=\"8108af9\" data-element_type=\"widget\" data-e-type=\"widget\" data-widget_type=\"divider.default\">\n\t\t\t\t<div class=\"elementor-widget-container\">\n\t\t\t\t\t\t\t<div class=\"elementor-divider\">\n\t\t\t<span class=\"elementor-divider-separator\">\n\t\t\t\t\t\t<\/span>\n\t\t<\/div>\n\t\t\t\t\t\t<\/div>\n\t\t\t\t<\/div>\n\t\t\t\t<div class=\"elementor-element elementor-element-7cfc02f elementor-widget elementor-widget-heading\" data-id=\"7cfc02f\" data-element_type=\"widget\" data-e-type=\"widget\" data-widget_type=\"heading.default\">\n\t\t\t\t<div class=\"elementor-widget-container\">\n\t\t\t\t\t<h6 class=\"elementor-heading-title elementor-size-default\">Part two<\/h6>\t\t\t\t<\/div>\n\t\t\t\t<\/div>\n\t\t\t\t<div class=\"elementor-element elementor-element-a437d45 elementor-widget elementor-widget-heading\" data-id=\"a437d45\" data-element_type=\"widget\" data-e-type=\"widget\" data-widget_type=\"heading.default\">\n\t\t\t\t<div class=\"elementor-widget-container\">\n\t\t\t\t\t<h2 class=\"elementor-heading-title elementor-size-default\">Wedding options at villa aura del lago<\/h2>\t\t\t\t<\/div>\n\t\t\t\t<\/div>\n\t\t\t\t<div class=\"elementor-element elementor-element-59cda5a elementor-widget elementor-widget-spacer\" data-id=\"59cda5a\" data-element_type=\"widget\" data-e-type=\"widget\" data-widget_type=\"spacer.default\">\n\t\t\t\t<div class=\"elementor-widget-container\">\n\t\t\t\t\t\t\t<div class=\"elementor-spacer\">\n\t\t\t<div class=\"elementor-spacer-inner\"><\/div>\n\t\t<\/div>\n\t\t\t\t\t\t<\/div>\n\t\t\t\t<\/div>\n\t\t\t\t<div class=\"elementor-element elementor-element-1070ea5 elementor-widget elementor-widget-heading\" data-id=\"1070ea5\" data-element_type=\"widget\" data-e-type=\"widget\" data-widget_type=\"heading.default\">\n\t\t\t\t<div class=\"elementor-widget-container\">\n\t\t\t\t\t<h2 class=\"elementor-heading-title elementor-size-default\">LET'S TAKE THIS WEDDING AS AN EXAMPLE...<\/h2>\t\t\t\t<\/div>\n\t\t\t\t<\/div>\n\t\t\t\t<div class=\"elementor-element elementor-element-88231ae elementor-widget elementor-widget-heading\" data-id=\"88231ae\" data-element_type=\"widget\" data-e-type=\"widget\" data-widget_type=\"heading.default\">\n\t\t\t\t<div class=\"elementor-widget-container\">\n\t\t\t\t\t<h3 class=\"elementor-heading-title elementor-size-default\">Villa Aura del Lago is in the central part of Lake Como, which offers many different opportunities<\/h3>\t\t\t\t<\/div>\n\t\t\t\t<\/div>\n\t\t\t\t<div class=\"elementor-element elementor-element-952338b elementor-widget elementor-widget-text-editor\" data-id=\"952338b\" data-element_type=\"widget\" data-e-type=\"widget\" data-widget_type=\"text-editor.default\">\n\t\t\t\t<div class=\"elementor-widget-container\">\n\t\t\t\t\t\t\t\t\t<p><strong>Villa Aura del Lago<\/strong> essendo anche un <strong>villa per vacanze<\/strong>, ha delle camere molto belle e comode per entrambe <strong>le preparazioni<\/strong>, come si vede nella precedente selezione di immagini.<\/p><p>Qualche coppia, chiss\u00e0 se anche voi, preferisce per\u00f2\u00a0<strong>prepararsi in sedi separate<\/strong>.<br \/>In questo caso \u00e8 la sposa ad aver affitta una villa diversa, mentre lo sposa \u00e8 rimasto a Villa Aura del Lago.<\/p><p>La <strong>cerimonia<\/strong> non si \u00e8 svolta in villa ma nel <strong>giardino di una biblioteca<\/strong>.<br \/>Gli sposi sono poi arrivati al ricevimento in villa su un <strong>motoscafo<\/strong>, accolti dagli ospiti.<\/p><p>Pianificare tutta la giornata del matrimonio in villa \u00e8 pi\u00f9 comodo, scegliere anche location diverse per la preparazione, la cerimonia e le fotografie artistiche \u00e8 pi\u00f9 vario.<\/p><p>La villa si presta benissimo per una <strong>cena all&#8217;aperto<\/strong>, ma in caso di <strong>tempo incerto<\/strong>\u00a0o <strong>pioggia<\/strong> \u00e8 facile optare per il salone interno.<\/p><p>La mia sequenza qui sotto \u00e8 \u00a0composta da novantadue immagini e situazioni selezionate.<br \/>Il lavoro consegnato realizzato da me e da un altro fotografo consisteva in 1361 immagini selezionate, tutte postprodotte, in cui c&#8217;erano anche tutti <strong>gruppi<\/strong> richiesti, la <strong>cerimonia<\/strong>\u00a0completa, molte <strong>scene conviviali<\/strong> e inquadrature di\u00a0<strong>dettagli<\/strong>.<br \/><br \/><strong>Un grande ringraziamento a questa coppia<\/strong> che ci ha autorizzato a pubblicare ogni immagine, cosa estremamente importante per noi fotografi.<\/p><p>\/\/\/\/\/\/\/<\/p><p><strong>Villa Aura del Lago<\/strong> is also a <strong>holiday villa<\/strong>. This is why it has fine and comfortable rooms for the <strong>getting ready<\/strong>.<\/p><p>However some couples &#8211; maybe it&#8217;s you? &#8211; prefer to stay in <strong>separate venues before the wedding ceremony<\/strong>.<br \/>In the case of this wedding it was the <strong>bride<\/strong> who chose a different villa, while the <strong>groom<\/strong> swam in the lake and got dress at Villa Aura del Lago.<\/p><p>Also the <strong>ceremony<\/strong> did not take place at the villa but in the <strong>garden of a public library<\/strong>.<br \/>After the wedding celebration, the bride and groom arrived at the villa on a <strong>motorboat<\/strong>, welcomed by guests.<\/p><p>Planning <strong>the entire wedding day<\/strong> in the villa is very comfortable, <strong>choosing different locations<\/strong> for the preparation, the ceremony and the photoshoot is more varied.<\/p><p>My editing below is a selection of ninety-two images selected from 1361 fine post-produced work taken by me and another professional photographer.<br \/>The delivered project included all the requested <strong>groups<\/strong>, the <strong>ceremony<\/strong>, and a lot of <strong>convivial situations<\/strong> and <strong>details<\/strong> not showed here.<br \/><br \/><strong>Thank so much to the couple<\/strong>, it is so important for us photographers be authorized to publish the images!<\/p>\t\t\t\t\t\t\t\t<\/div>\n\t\t\t\t<\/div>\n\t\t\t\t<div class=\"elementor-element elementor-element-d4ad854 elementor-widget elementor-widget-spacer\" data-id=\"d4ad854\" data-element_type=\"widget\" data-e-type=\"widget\" data-widget_type=\"spacer.default\">\n\t\t\t\t<div class=\"elementor-widget-container\">\n\t\t\t\t\t\t\t<div class=\"elementor-spacer\">\n\t\t\t<div class=\"elementor-spacer-inner\"><\/div>\n\t\t<\/div>\n\t\t\t\t\t\t<\/div>\n\t\t\t\t<\/div>\n\t\t\t\t<div class=\"elementor-element elementor-element-0a09993 elementor-widget elementor-widget-image\" data-id=\"0a09993\" data-element_type=\"widget\" data-e-type=\"widget\" data-widget_type=\"image.default\">\n\t\t\t\t<div class=\"elementor-widget-container\">\n\t\t\t\t\t\t\t\t\t\t\t\t\t\t\t\t<a href=\"https:\/\/www.progettifotografici.com\/wp-content\/uploads\/2020\/01\/albi_0678_361lr.jpg\" data-elementor-open-lightbox=\"yes\" data-e-action-hash=\"#elementor-action%3Aaction%3Dlightbox%26settings%3DeyJpZCI6NDUzNjgsInVybCI6Imh0dHBzOlwvXC93d3cucHJvZ2V0dGlmb3RvZ3JhZmljaS5jb21cL3dwLWNvbnRlbnRcL3VwbG9hZHNcLzIwMjBcLzAxXC9iYXJpbmRlbGxpLXRheGktYm9hdC5qcGcifQ%3D%3D\">\n\t\t\t\t\t\t\t<img decoding=\"async\" width=\"2240\" height=\"1493\" src=\"https:\/\/www.progettifotografici.com\/wp-content\/uploads\/2020\/01\/barindelli-taxi-boat.jpg\" class=\"attachment-full size-full wp-image-45368\" alt=\"Barindelli taxi boat, Bellagio.\" srcset=\"https:\/\/www.progettifotografici.com\/wp-content\/uploads\/2020\/01\/barindelli-taxi-boat.jpg 2240w, https:\/\/www.progettifotografici.com\/wp-content\/uploads\/2020\/01\/barindelli-taxi-boat-1080x720.jpg 1080w, https:\/\/www.progettifotografici.com\/wp-content\/uploads\/2020\/01\/barindelli-taxi-boat-722x481.jpg 722w, https:\/\/www.progettifotografici.com\/wp-content\/uploads\/2020\/01\/barindelli-taxi-boat-1536x1024.jpg 1536w, https:\/\/www.progettifotografici.com\/wp-content\/uploads\/2020\/01\/barindelli-taxi-boat-2048x1365.jpg 2048w\" sizes=\"(max-width: 2240px) 100vw, 2240px\" \/>\t\t\t\t\t\t\t\t<\/a>\n\t\t\t\t\t\t\t\t\t\t\t\t\t\t\t<\/div>\n\t\t\t\t<\/div>\n\t\t\t\t<div class=\"elementor-element elementor-element-eeeccb5 elementor-widget elementor-widget-gallery\" data-id=\"eeeccb5\" data-element_type=\"widget\" data-e-type=\"widget\" data-settings=\"{&quot;columns_tablet&quot;:4,&quot;columns_mobile&quot;:2,&quot;gap&quot;:{&quot;unit&quot;:&quot;px&quot;,&quot;size&quot;:6,&quot;sizes&quot;:[]},&quot;gap_tablet&quot;:{&quot;unit&quot;:&quot;px&quot;,&quot;size&quot;:6,&quot;sizes&quot;:[]},&quot;gap_mobile&quot;:{&quot;unit&quot;:&quot;px&quot;,&quot;size&quot;:6,&quot;sizes&quot;:[]},&quot;lazyload&quot;:&quot;yes&quot;,&quot;gallery_layout&quot;:&quot;grid&quot;,&quot;columns&quot;:4,&quot;link_to&quot;:&quot;file&quot;,&quot;aspect_ratio&quot;:&quot;3:2&quot;}\" data-widget_type=\"gallery.default\">\n\t\t\t\t<div class=\"elementor-widget-container\">\n\t\t\t\t\t\t\t<div class=\"elementor-gallery__container\">\n\t\t\t\t\t\t\t<a class=\"e-gallery-item elementor-gallery-item\" href=\"https:\/\/www.progettifotografici.com\/wp-content\/uploads\/2020\/01\/italy-il-bel-paese.jpg\" data-elementor-open-lightbox=\"yes\" data-elementor-lightbox-slideshow=\"eeeccb5\" data-e-action-hash=\"#elementor-action%3Aaction%3Dlightbox%26settings%3DeyJpZCI6NDU0MjksInVybCI6Imh0dHBzOlwvXC93d3cucHJvZ2V0dGlmb3RvZ3JhZmljaS5jb21cL3dwLWNvbnRlbnRcL3VwbG9hZHNcLzIwMjBcLzAxXC9pdGFseS1pbC1iZWwtcGFlc2UuanBnIiwic2xpZGVzaG93IjoiZWVlY2NiNSJ9\">\n\t\t\t\t\t<div class=\"e-gallery-image elementor-gallery-item__image\" data-thumbnail=\"https:\/\/www.progettifotografici.com\/wp-content\/uploads\/2020\/01\/italy-il-bel-paese-722x481.jpg\" data-width=\"722\" data-height=\"481\" aria-label=\"A book in a library.\" role=\"img\" ><\/div>\n\t\t\t\t\t\t\t\t\t\t\t\t\t\t<\/a>\n\t\t\t\t\t\t\t<a class=\"e-gallery-item elementor-gallery-item\" href=\"https:\/\/www.progettifotografici.com\/wp-content\/uploads\/2020\/01\/lake-como-landscape-italy.jpg\" data-elementor-open-lightbox=\"yes\" data-elementor-lightbox-slideshow=\"eeeccb5\" data-e-action-hash=\"#elementor-action%3Aaction%3Dlightbox%26settings%3DeyJpZCI6NDUzNzMsInVybCI6Imh0dHBzOlwvXC93d3cucHJvZ2V0dGlmb3RvZ3JhZmljaS5jb21cL3dwLWNvbnRlbnRcL3VwbG9hZHNcLzIwMjBcLzAxXC9sYWtlLWNvbW8tbGFuZHNjYXBlLWl0YWx5LmpwZyIsInNsaWRlc2hvdyI6ImVlZWNjYjUifQ%3D%3D\">\n\t\t\t\t\t<div class=\"e-gallery-image elementor-gallery-item__image\" data-thumbnail=\"https:\/\/www.progettifotografici.com\/wp-content\/uploads\/2020\/01\/lake-como-landscape-italy-722x481.jpg\" data-width=\"722\" data-height=\"481\" aria-label=\"A wide view on Lake Como before the beginning of the wedding photo service.\" role=\"img\" ><\/div>\n\t\t\t\t\t\t\t\t\t\t\t\t\t\t<\/a>\n\t\t\t\t\t\t\t<a class=\"e-gallery-item elementor-gallery-item\" href=\"https:\/\/www.progettifotografici.com\/wp-content\/uploads\/2020\/01\/villa-aura-del-lago-lakeview.jpg\" data-elementor-open-lightbox=\"yes\" data-elementor-lightbox-slideshow=\"eeeccb5\" data-e-action-hash=\"#elementor-action%3Aaction%3Dlightbox%26settings%3DeyJpZCI6NDUzNzUsInVybCI6Imh0dHBzOlwvXC93d3cucHJvZ2V0dGlmb3RvZ3JhZmljaS5jb21cL3dwLWNvbnRlbnRcL3VwbG9hZHNcLzIwMjBcLzAxXC92aWxsYS1hdXJhLWRlbC1sYWdvLWxha2V2aWV3LmpwZyIsInNsaWRlc2hvdyI6ImVlZWNjYjUifQ%3D%3D\">\n\t\t\t\t\t<div class=\"e-gallery-image elementor-gallery-item__image\" data-thumbnail=\"https:\/\/www.progettifotografici.com\/wp-content\/uploads\/2020\/01\/villa-aura-del-lago-lakeview-722x481.jpg\" data-width=\"722\" data-height=\"481\" aria-label=\"Lake view from Villa Aura del Lago, Lake Como.\" role=\"img\" ><\/div>\n\t\t\t\t\t\t\t\t\t\t\t\t\t\t<\/a>\n\t\t\t\t\t\t\t<a class=\"e-gallery-item elementor-gallery-item\" href=\"https:\/\/www.progettifotografici.com\/wp-content\/uploads\/2020\/01\/villa-aura-del-lago-swim.jpg\" data-elementor-open-lightbox=\"yes\" data-elementor-lightbox-slideshow=\"eeeccb5\" data-e-action-hash=\"#elementor-action%3Aaction%3Dlightbox%26settings%3DeyJpZCI6NDUzNzcsInVybCI6Imh0dHBzOlwvXC93d3cucHJvZ2V0dGlmb3RvZ3JhZmljaS5jb21cL3dwLWNvbnRlbnRcL3VwbG9hZHNcLzIwMjBcLzAxXC92aWxsYS1hdXJhLWRlbC1sYWdvLXN3aW0uanBnIiwic2xpZGVzaG93IjoiZWVlY2NiNSJ9\">\n\t\t\t\t\t<div class=\"e-gallery-image elementor-gallery-item__image\" data-thumbnail=\"https:\/\/www.progettifotografici.com\/wp-content\/uploads\/2020\/01\/villa-aura-del-lago-swim-722x481.jpg\" data-width=\"722\" data-height=\"481\" aria-label=\"Villa Aura del Lago. The groom dives into the water before his getting ready.\" role=\"img\" ><\/div>\n\t\t\t\t\t\t\t\t\t\t\t\t\t\t<\/a>\n\t\t\t\t\t\t\t<a class=\"e-gallery-item elementor-gallery-item\" href=\"https:\/\/www.progettifotografici.com\/wp-content\/uploads\/2020\/01\/groom-getting-ready.jpg\" data-elementor-open-lightbox=\"yes\" data-elementor-lightbox-slideshow=\"eeeccb5\" data-e-action-hash=\"#elementor-action%3Aaction%3Dlightbox%26settings%3DeyJpZCI6NDUzODUsInVybCI6Imh0dHBzOlwvXC93d3cucHJvZ2V0dGlmb3RvZ3JhZmljaS5jb21cL3dwLWNvbnRlbnRcL3VwbG9hZHNcLzIwMjBcLzAxXC9ncm9vbS1nZXR0aW5nLXJlYWR5LmpwZyIsInNsaWRlc2hvdyI6ImVlZWNjYjUifQ%3D%3D\">\n\t\t\t\t\t<div class=\"e-gallery-image elementor-gallery-item__image\" data-thumbnail=\"https:\/\/www.progettifotografici.com\/wp-content\/uploads\/2020\/01\/groom-getting-ready-722x481.jpg\" data-width=\"722\" data-height=\"481\" aria-label=\"The groom smiles during her dressing at Villa Aura del Lago\" role=\"img\" ><\/div>\n\t\t\t\t\t\t\t\t\t\t\t\t\t\t<\/a>\n\t\t\t\t\t\t\t<a class=\"e-gallery-item elementor-gallery-item\" href=\"https:\/\/www.progettifotografici.com\/wp-content\/uploads\/2020\/01\/villa-trotti-lake-como-garden.jpg\" data-elementor-open-lightbox=\"yes\" data-elementor-lightbox-slideshow=\"eeeccb5\" data-e-action-hash=\"#elementor-action%3Aaction%3Dlightbox%26settings%3DeyJpZCI6NDUzODksInVybCI6Imh0dHBzOlwvXC93d3cucHJvZ2V0dGlmb3RvZ3JhZmljaS5jb21cL3dwLWNvbnRlbnRcL3VwbG9hZHNcLzIwMjBcLzAxXC92aWxsYS10cm90dGktbGFrZS1jb21vLWdhcmRlbi5qcGciLCJzbGlkZXNob3ciOiJlZWVjY2I1In0%3D\">\n\t\t\t\t\t<div class=\"e-gallery-image elementor-gallery-item__image\" data-thumbnail=\"https:\/\/www.progettifotografici.com\/wp-content\/uploads\/2020\/01\/villa-trotti-lake-como-garden-722x481.jpg\" data-width=\"722\" data-height=\"481\" aria-label=\"The garden of Villa Trotti at Bellagio, Lake Como.\" role=\"img\" ><\/div>\n\t\t\t\t\t\t\t\t\t\t\t\t\t\t<\/a>\n\t\t\t\t\t\t\t<a class=\"e-gallery-item elementor-gallery-item\" href=\"https:\/\/www.progettifotografici.com\/wp-content\/uploads\/2020\/01\/villa-trotti-garden-lake-como.jpg\" data-elementor-open-lightbox=\"yes\" data-elementor-lightbox-slideshow=\"eeeccb5\" data-e-action-hash=\"#elementor-action%3Aaction%3Dlightbox%26settings%3DeyJpZCI6NDUzOTMsInVybCI6Imh0dHBzOlwvXC93d3cucHJvZ2V0dGlmb3RvZ3JhZmljaS5jb21cL3dwLWNvbnRlbnRcL3VwbG9hZHNcLzIwMjBcLzAxXC92aWxsYS10cm90dGktZ2FyZGVuLWxha2UtY29tby5qcGciLCJzbGlkZXNob3ciOiJlZWVjY2I1In0%3D\">\n\t\t\t\t\t<div class=\"e-gallery-image elementor-gallery-item__image\" data-thumbnail=\"https:\/\/www.progettifotografici.com\/wp-content\/uploads\/2020\/01\/villa-trotti-garden-lake-como-722x481.jpg\" data-width=\"722\" data-height=\"481\" aria-label=\"In the garden of Villa Trotti, Bellagio, Lake Como.\" role=\"img\" ><\/div>\n\t\t\t\t\t\t\t\t\t\t\t\t\t\t<\/a>\n\t\t\t\t\t\t\t<a class=\"e-gallery-item elementor-gallery-item\" href=\"https:\/\/www.progettifotografici.com\/wp-content\/uploads\/2020\/01\/villa-aura-del-lago-groom-getting-ready.jpg\" data-elementor-open-lightbox=\"yes\" data-elementor-lightbox-slideshow=\"eeeccb5\" data-e-action-hash=\"#elementor-action%3Aaction%3Dlightbox%26settings%3DeyJpZCI6NDUzODcsInVybCI6Imh0dHBzOlwvXC93d3cucHJvZ2V0dGlmb3RvZ3JhZmljaS5jb21cL3dwLWNvbnRlbnRcL3VwbG9hZHNcLzIwMjBcLzAxXC92aWxsYS1hdXJhLWRlbC1sYWdvLWdyb29tLWdldHRpbmctcmVhZHkuanBnIiwic2xpZGVzaG93IjoiZWVlY2NiNSJ9\">\n\t\t\t\t\t<div class=\"e-gallery-image elementor-gallery-item__image\" data-thumbnail=\"https:\/\/www.progettifotografici.com\/wp-content\/uploads\/2020\/01\/villa-aura-del-lago-groom-getting-ready-722x481.jpg\" data-width=\"722\" data-height=\"481\" aria-label=\"The groom is in the rooms of Villa Aura del Lago. He is ready for the ceremony and looks out of the window.\" role=\"img\" ><\/div>\n\t\t\t\t\t\t\t\t\t\t\t\t\t\t<\/a>\n\t\t\t\t\t\t\t<a class=\"e-gallery-item elementor-gallery-item\" href=\"https:\/\/www.progettifotografici.com\/wp-content\/uploads\/2020\/01\/villa-trotti-bellagio-internal-court.jpg\" data-elementor-open-lightbox=\"yes\" data-elementor-lightbox-slideshow=\"eeeccb5\" data-e-action-hash=\"#elementor-action%3Aaction%3Dlightbox%26settings%3DeyJpZCI6NDUzODMsInVybCI6Imh0dHBzOlwvXC93d3cucHJvZ2V0dGlmb3RvZ3JhZmljaS5jb21cL3dwLWNvbnRlbnRcL3VwbG9hZHNcLzIwMjBcLzAxXC92aWxsYS10cm90dGktYmVsbGFnaW8taW50ZXJuYWwtY291cnQuanBnIiwic2xpZGVzaG93IjoiZWVlY2NiNSJ9\">\n\t\t\t\t\t<div class=\"e-gallery-image elementor-gallery-item__image\" data-thumbnail=\"https:\/\/www.progettifotografici.com\/wp-content\/uploads\/2020\/01\/villa-trotti-bellagio-internal-court-722x481.jpg\" data-width=\"722\" data-height=\"481\" aria-label=\"The internal court of Villa Trotti at Bellagio.\" role=\"img\" ><\/div>\n\t\t\t\t\t\t\t\t\t\t\t\t\t\t<\/a>\n\t\t\t\t\t\t\t<a class=\"e-gallery-item elementor-gallery-item\" href=\"https:\/\/www.progettifotografici.com\/wp-content\/uploads\/2020\/01\/villa-melzi-seen-from-villa-trotti.jpg\" data-elementor-open-lightbox=\"yes\" data-elementor-lightbox-slideshow=\"eeeccb5\" data-e-action-hash=\"#elementor-action%3Aaction%3Dlightbox%26settings%3DeyJpZCI6NDUzOTEsInVybCI6Imh0dHBzOlwvXC93d3cucHJvZ2V0dGlmb3RvZ3JhZmljaS5jb21cL3dwLWNvbnRlbnRcL3VwbG9hZHNcLzIwMjBcLzAxXC92aWxsYS1tZWx6aS1zZWVuLWZyb20tdmlsbGEtdHJvdHRpLmpwZyIsInNsaWRlc2hvdyI6ImVlZWNjYjUifQ%3D%3D\">\n\t\t\t\t\t<div class=\"e-gallery-image elementor-gallery-item__image\" data-thumbnail=\"https:\/\/www.progettifotografici.com\/wp-content\/uploads\/2020\/01\/villa-melzi-seen-from-villa-trotti-722x481.jpg\" data-width=\"722\" data-height=\"481\" aria-label=\"Villa Melzi seen from Villa Trotti, Bellagio, Lake Como.\" role=\"img\" ><\/div>\n\t\t\t\t\t\t\t\t\t\t\t\t\t\t<\/a>\n\t\t\t\t\t\t\t<a class=\"e-gallery-item elementor-gallery-item\" href=\"https:\/\/www.progettifotografici.com\/wp-content\/uploads\/2020\/01\/cadenabbia-from-bellagio.jpg\" data-elementor-open-lightbox=\"yes\" data-elementor-lightbox-slideshow=\"eeeccb5\" data-e-action-hash=\"#elementor-action%3Aaction%3Dlightbox%26settings%3DeyJpZCI6NDUzODEsInVybCI6Imh0dHBzOlwvXC93d3cucHJvZ2V0dGlmb3RvZ3JhZmljaS5jb21cL3dwLWNvbnRlbnRcL3VwbG9hZHNcLzIwMjBcLzAxXC9jYWRlbmFiYmlhLWZyb20tYmVsbGFnaW8uanBnIiwic2xpZGVzaG93IjoiZWVlY2NiNSJ9\">\n\t\t\t\t\t<div class=\"e-gallery-image elementor-gallery-item__image\" data-thumbnail=\"https:\/\/www.progettifotografici.com\/wp-content\/uploads\/2020\/01\/cadenabbia-from-bellagio-722x481.jpg\" data-width=\"722\" data-height=\"481\" aria-label=\"View of Cadenabbia, seen from Bellagio.\" role=\"img\" ><\/div>\n\t\t\t\t\t\t\t\t\t\t\t\t\t\t<\/a>\n\t\t\t\t\t\t\t<a class=\"e-gallery-item elementor-gallery-item\" href=\"https:\/\/www.progettifotografici.com\/wp-content\/uploads\/2020\/01\/villa-trotti-bellagio-bride-hair-stylist.jpg\" data-elementor-open-lightbox=\"yes\" data-elementor-lightbox-slideshow=\"eeeccb5\" data-e-action-hash=\"#elementor-action%3Aaction%3Dlightbox%26settings%3DeyJpZCI6NDUzNzksInVybCI6Imh0dHBzOlwvXC93d3cucHJvZ2V0dGlmb3RvZ3JhZmljaS5jb21cL3dwLWNvbnRlbnRcL3VwbG9hZHNcLzIwMjBcLzAxXC92aWxsYS10cm90dGktYmVsbGFnaW8tYnJpZGUtaGFpci1zdHlsaXN0LmpwZyIsInNsaWRlc2hvdyI6ImVlZWNjYjUifQ%3D%3D\">\n\t\t\t\t\t<div class=\"e-gallery-image elementor-gallery-item__image\" data-thumbnail=\"https:\/\/www.progettifotografici.com\/wp-content\/uploads\/2020\/01\/villa-trotti-bellagio-bride-hair-stylist-722x481.jpg\" data-width=\"722\" data-height=\"481\" aria-label=\"Bridal getting ready at Villa Trotti. The hair stylist at work.\" role=\"img\" ><\/div>\n\t\t\t\t\t\t\t\t\t\t\t\t\t\t<\/a>\n\t\t\t\t\t\t\t<a class=\"e-gallery-item elementor-gallery-item\" href=\"https:\/\/www.progettifotografici.com\/wp-content\/uploads\/2020\/01\/groom.jpg\" data-elementor-open-lightbox=\"yes\" data-elementor-lightbox-slideshow=\"eeeccb5\" data-e-action-hash=\"#elementor-action%3Aaction%3Dlightbox%26settings%3DeyJpZCI6NDUzOTUsInVybCI6Imh0dHBzOlwvXC93d3cucHJvZ2V0dGlmb3RvZ3JhZmljaS5jb21cL3dwLWNvbnRlbnRcL3VwbG9hZHNcLzIwMjBcLzAxXC9ncm9vbS5qcGciLCJzbGlkZXNob3ciOiJlZWVjY2I1In0%3D\">\n\t\t\t\t\t<div class=\"e-gallery-image elementor-gallery-item__image\" data-thumbnail=\"https:\/\/www.progettifotografici.com\/wp-content\/uploads\/2020\/01\/groom-722x481.jpg\" data-width=\"722\" data-height=\"481\" aria-label=\"The groom is going out of Villa Aura del Lago, ready for the wedding ceremony.\" role=\"img\" ><\/div>\n\t\t\t\t\t\t\t\t\t\t\t\t\t\t<\/a>\n\t\t\t\t\t\t\t<a class=\"e-gallery-item elementor-gallery-item\" href=\"https:\/\/www.progettifotografici.com\/wp-content\/uploads\/2020\/01\/wedding-vintage-car.jpg\" data-elementor-open-lightbox=\"yes\" data-elementor-lightbox-slideshow=\"eeeccb5\" data-e-action-hash=\"#elementor-action%3Aaction%3Dlightbox%26settings%3DeyJpZCI6NDU0MDEsInVybCI6Imh0dHBzOlwvXC93d3cucHJvZ2V0dGlmb3RvZ3JhZmljaS5jb21cL3dwLWNvbnRlbnRcL3VwbG9hZHNcLzIwMjBcLzAxXC93ZWRkaW5nLXZpbnRhZ2UtY2FyLmpwZyIsInNsaWRlc2hvdyI6ImVlZWNjYjUifQ%3D%3D\">\n\t\t\t\t\t<div class=\"e-gallery-image elementor-gallery-item__image\" data-thumbnail=\"https:\/\/www.progettifotografici.com\/wp-content\/uploads\/2020\/01\/wedding-vintage-car-722x481.jpg\" data-width=\"722\" data-height=\"481\" aria-label=\"The vintage car rented for this wedding.\" role=\"img\" ><\/div>\n\t\t\t\t\t\t\t\t\t\t\t\t\t\t<\/a>\n\t\t\t\t\t\t\t<a class=\"e-gallery-item elementor-gallery-item\" href=\"https:\/\/www.progettifotografici.com\/wp-content\/uploads\/2020\/01\/villa-trotti-lake-como-bridal-make-up.jpg\" data-elementor-open-lightbox=\"yes\" data-elementor-lightbox-slideshow=\"eeeccb5\" data-e-action-hash=\"#elementor-action%3Aaction%3Dlightbox%26settings%3DeyJpZCI6NDUzOTksInVybCI6Imh0dHBzOlwvXC93d3cucHJvZ2V0dGlmb3RvZ3JhZmljaS5jb21cL3dwLWNvbnRlbnRcL3VwbG9hZHNcLzIwMjBcLzAxXC92aWxsYS10cm90dGktbGFrZS1jb21vLWJyaWRhbC1tYWtlLXVwLmpwZyIsInNsaWRlc2hvdyI6ImVlZWNjYjUifQ%3D%3D\">\n\t\t\t\t\t<div class=\"e-gallery-image elementor-gallery-item__image\" data-thumbnail=\"https:\/\/www.progettifotografici.com\/wp-content\/uploads\/2020\/01\/villa-trotti-lake-como-bridal-make-up-722x481.jpg\" data-width=\"722\" data-height=\"481\" aria-label=\"The bride is getting ready at Villa Trotti, Bellagio. The Make Up Artist is at work.\" role=\"img\" ><\/div>\n\t\t\t\t\t\t\t\t\t\t\t\t\t\t<\/a>\n\t\t\t\t\t\t\t<a class=\"e-gallery-item elementor-gallery-item\" href=\"https:\/\/www.progettifotografici.com\/wp-content\/uploads\/2020\/01\/bellagio-seen-from-villa-trotti-lake-como.jpg\" data-elementor-open-lightbox=\"yes\" data-elementor-lightbox-slideshow=\"eeeccb5\" data-e-action-hash=\"#elementor-action%3Aaction%3Dlightbox%26settings%3DeyJpZCI6NDUzOTcsInVybCI6Imh0dHBzOlwvXC93d3cucHJvZ2V0dGlmb3RvZ3JhZmljaS5jb21cL3dwLWNvbnRlbnRcL3VwbG9hZHNcLzIwMjBcLzAxXC9iZWxsYWdpby1zZWVuLWZyb20tdmlsbGEtdHJvdHRpLWxha2UtY29tby5qcGciLCJzbGlkZXNob3ciOiJlZWVjY2I1In0%3D\">\n\t\t\t\t\t<div class=\"e-gallery-image elementor-gallery-item__image\" data-thumbnail=\"https:\/\/www.progettifotografici.com\/wp-content\/uploads\/2020\/01\/bellagio-seen-from-villa-trotti-lake-como-722x481.jpg\" data-width=\"722\" data-height=\"481\" aria-label=\"View of Lake Como seen from Villa Trotti. Bellagio is in the frame.\" role=\"img\" ><\/div>\n\t\t\t\t\t\t\t\t\t\t\t\t\t\t<\/a>\n\t\t\t\t\t\t\t<a class=\"e-gallery-item elementor-gallery-item\" href=\"https:\/\/www.progettifotografici.com\/wp-content\/uploads\/2020\/01\/villa-trotti-bridal-dress-hanged.jpg\" data-elementor-open-lightbox=\"yes\" data-elementor-lightbox-slideshow=\"eeeccb5\" data-e-action-hash=\"#elementor-action%3Aaction%3Dlightbox%26settings%3DeyJpZCI6NDU0MTEsInVybCI6Imh0dHBzOlwvXC93d3cucHJvZ2V0dGlmb3RvZ3JhZmljaS5jb21cL3dwLWNvbnRlbnRcL3VwbG9hZHNcLzIwMjBcLzAxXC92aWxsYS10cm90dGktYnJpZGFsLWRyZXNzLWhhbmdlZC5qcGciLCJzbGlkZXNob3ciOiJlZWVjY2I1In0%3D\">\n\t\t\t\t\t<div class=\"e-gallery-image elementor-gallery-item__image\" data-thumbnail=\"https:\/\/www.progettifotografici.com\/wp-content\/uploads\/2020\/01\/villa-trotti-bridal-dress-hanged-722x481.jpg\" data-width=\"722\" data-height=\"481\" aria-label=\"Villa Trotti, the wedding gown is change in the middle of the room.\" role=\"img\" ><\/div>\n\t\t\t\t\t\t\t\t\t\t\t\t\t\t<\/a>\n\t\t\t\t\t\t\t<a class=\"e-gallery-item elementor-gallery-item\" href=\"https:\/\/www.progettifotografici.com\/wp-content\/uploads\/2020\/08\/bellagio-matrimonio-biblioteca-damigelle.jpg\" data-elementor-open-lightbox=\"yes\" data-elementor-lightbox-slideshow=\"eeeccb5\" data-e-action-hash=\"#elementor-action%3Aaction%3Dlightbox%26settings%3DeyJpZCI6NDU2MzcsInVybCI6Imh0dHBzOlwvXC93d3cucHJvZ2V0dGlmb3RvZ3JhZmljaS5jb21cL3dwLWNvbnRlbnRcL3VwbG9hZHNcLzIwMjBcLzA4XC9iZWxsYWdpby1tYXRyaW1vbmlvLWJpYmxpb3RlY2EtZGFtaWdlbGxlLmpwZyIsInNsaWRlc2hvdyI6ImVlZWNjYjUifQ%3D%3D\">\n\t\t\t\t\t<div class=\"e-gallery-image elementor-gallery-item__image\" data-thumbnail=\"https:\/\/www.progettifotografici.com\/wp-content\/uploads\/2020\/08\/bellagio-matrimonio-biblioteca-damigelle-722x481.jpg\" data-width=\"722\" data-height=\"481\" aria-label=\"The two little bridesmaids looking a their bouquets.\" role=\"img\" ><\/div>\n\t\t\t\t\t\t\t\t\t\t\t\t\t\t<\/a>\n\t\t\t\t\t\t\t<a class=\"e-gallery-item elementor-gallery-item\" href=\"https:\/\/www.progettifotografici.com\/wp-content\/uploads\/2020\/01\/bellagio-town-hall.jpg\" data-elementor-open-lightbox=\"yes\" data-elementor-lightbox-slideshow=\"eeeccb5\" data-e-action-hash=\"#elementor-action%3Aaction%3Dlightbox%26settings%3DeyJpZCI6NDU0MDUsInVybCI6Imh0dHBzOlwvXC93d3cucHJvZ2V0dGlmb3RvZ3JhZmljaS5jb21cL3dwLWNvbnRlbnRcL3VwbG9hZHNcLzIwMjBcLzAxXC9iZWxsYWdpby10b3duLWhhbGwuanBnIiwic2xpZGVzaG93IjoiZWVlY2NiNSJ9\">\n\t\t\t\t\t<div class=\"e-gallery-image elementor-gallery-item__image\" data-thumbnail=\"https:\/\/www.progettifotografici.com\/wp-content\/uploads\/2020\/01\/bellagio-town-hall-722x481.jpg\" data-width=\"722\" data-height=\"481\" aria-label=\"The town hall of bellagio.\" role=\"img\" ><\/div>\n\t\t\t\t\t\t\t\t\t\t\t\t\t\t<\/a>\n\t\t\t\t\t\t\t<a class=\"e-gallery-item elementor-gallery-item\" href=\"https:\/\/www.progettifotografici.com\/wp-content\/uploads\/2020\/08\/villa-trotti-lake-como-bride-getting-ready.jpg\" data-elementor-open-lightbox=\"yes\" data-elementor-lightbox-slideshow=\"eeeccb5\" data-e-action-hash=\"#elementor-action%3Aaction%3Dlightbox%26settings%3DeyJpZCI6NDU3NzksInVybCI6Imh0dHBzOlwvXC93d3cucHJvZ2V0dGlmb3RvZ3JhZmljaS5jb21cL3dwLWNvbnRlbnRcL3VwbG9hZHNcLzIwMjBcLzA4XC92aWxsYS10cm90dGktbGFrZS1jb21vLWJyaWRlLWdldHRpbmctcmVhZHkuanBnIiwic2xpZGVzaG93IjoiZWVlY2NiNSJ9\">\n\t\t\t\t\t<div class=\"e-gallery-image elementor-gallery-item__image\" data-thumbnail=\"https:\/\/www.progettifotografici.com\/wp-content\/uploads\/2020\/08\/villa-trotti-lake-como-bride-getting-ready-722x481.jpg\" data-width=\"722\" data-height=\"481\" aria-label=\"The bridal dressing at Villa Trotti.\" role=\"img\" ><\/div>\n\t\t\t\t\t\t\t\t\t\t\t\t\t\t<\/a>\n\t\t\t\t\t\t\t<a class=\"e-gallery-item elementor-gallery-item\" href=\"https:\/\/www.progettifotografici.com\/wp-content\/uploads\/2020\/01\/villa-trotti-lake-como-wedding-getting-ready.jpg\" data-elementor-open-lightbox=\"yes\" data-elementor-lightbox-slideshow=\"eeeccb5\" data-e-action-hash=\"#elementor-action%3Aaction%3Dlightbox%26settings%3DeyJpZCI6NDU0MTksInVybCI6Imh0dHBzOlwvXC93d3cucHJvZ2V0dGlmb3RvZ3JhZmljaS5jb21cL3dwLWNvbnRlbnRcL3VwbG9hZHNcLzIwMjBcLzAxXC92aWxsYS10cm90dGktbGFrZS1jb21vLXdlZGRpbmctZ2V0dGluZy1yZWFkeS5qcGciLCJzbGlkZXNob3ciOiJlZWVjY2I1In0%3D\">\n\t\t\t\t\t<div class=\"e-gallery-image elementor-gallery-item__image\" data-thumbnail=\"https:\/\/www.progettifotografici.com\/wp-content\/uploads\/2020\/01\/villa-trotti-lake-como-wedding-getting-ready-722x481.jpg\" data-width=\"722\" data-height=\"481\" aria-label=\"Villa Trotti, San Giovanni, Bellagio. The ancient mirror of the lounge reflects the bride dressing.\" role=\"img\" ><\/div>\n\t\t\t\t\t\t\t\t\t\t\t\t\t\t<\/a>\n\t\t\t\t\t\t\t<a class=\"e-gallery-item elementor-gallery-item\" href=\"https:\/\/www.progettifotografici.com\/wp-content\/uploads\/2020\/01\/san-giovanni-pier-from-villa-trotti.jpg\" data-elementor-open-lightbox=\"yes\" data-elementor-lightbox-slideshow=\"eeeccb5\" data-e-action-hash=\"#elementor-action%3Aaction%3Dlightbox%26settings%3DeyJpZCI6NDU0MDMsInVybCI6Imh0dHBzOlwvXC93d3cucHJvZ2V0dGlmb3RvZ3JhZmljaS5jb21cL3dwLWNvbnRlbnRcL3VwbG9hZHNcLzIwMjBcLzAxXC9zYW4tZ2lvdmFubmktcGllci1mcm9tLXZpbGxhLXRyb3R0aS5qcGciLCJzbGlkZXNob3ciOiJlZWVjY2I1In0%3D\">\n\t\t\t\t\t<div class=\"e-gallery-image elementor-gallery-item__image\" data-thumbnail=\"https:\/\/www.progettifotografici.com\/wp-content\/uploads\/2020\/01\/san-giovanni-pier-from-villa-trotti-722x481.jpg\" data-width=\"722\" data-height=\"481\" aria-label=\"The San Giovanni harbour seen from Villa Trotti, Bellagio.\" role=\"img\" ><\/div>\n\t\t\t\t\t\t\t\t\t\t\t\t\t\t<\/a>\n\t\t\t\t\t\t\t<a class=\"e-gallery-item elementor-gallery-item\" href=\"https:\/\/www.progettifotografici.com\/wp-content\/uploads\/2020\/01\/0135_080mc.jpg\" data-elementor-open-lightbox=\"yes\" data-elementor-lightbox-slideshow=\"eeeccb5\" data-e-action-hash=\"#elementor-action%3Aaction%3Dlightbox%26settings%3DeyJpZCI6NDU0MDcsInVybCI6Imh0dHBzOlwvXC93d3cucHJvZ2V0dGlmb3RvZ3JhZmljaS5jb21cL3dwLWNvbnRlbnRcL3VwbG9hZHNcLzIwMjBcLzAxXC8wMTM1XzA4MG1jLmpwZyIsInNsaWRlc2hvdyI6ImVlZWNjYjUifQ%3D%3D\">\n\t\t\t\t\t<div class=\"e-gallery-image elementor-gallery-item__image\" data-thumbnail=\"https:\/\/www.progettifotografici.com\/wp-content\/uploads\/2020\/01\/0135_080mc-722x481.jpg\" data-width=\"722\" data-height=\"481\" aria-label=\"\" role=\"img\" ><\/div>\n\t\t\t\t\t\t\t\t\t\t\t\t\t\t<\/a>\n\t\t\t\t\t\t\t<a class=\"e-gallery-item elementor-gallery-item\" href=\"https:\/\/www.progettifotografici.com\/wp-content\/uploads\/2020\/01\/0183_119mc.jpg\" data-elementor-open-lightbox=\"yes\" data-elementor-lightbox-slideshow=\"eeeccb5\" data-e-action-hash=\"#elementor-action%3Aaction%3Dlightbox%26settings%3DeyJpZCI6NDU0MTcsInVybCI6Imh0dHBzOlwvXC93d3cucHJvZ2V0dGlmb3RvZ3JhZmljaS5jb21cL3dwLWNvbnRlbnRcL3VwbG9hZHNcLzIwMjBcLzAxXC8wMTgzXzExOW1jLmpwZyIsInNsaWRlc2hvdyI6ImVlZWNjYjUifQ%3D%3D\">\n\t\t\t\t\t<div class=\"e-gallery-image elementor-gallery-item__image\" data-thumbnail=\"https:\/\/www.progettifotografici.com\/wp-content\/uploads\/2020\/01\/0183_119mc-722x481.jpg\" data-width=\"722\" data-height=\"481\" aria-label=\"\" role=\"img\" ><\/div>\n\t\t\t\t\t\t\t\t\t\t\t\t\t\t<\/a>\n\t\t\t\t\t\t\t<a class=\"e-gallery-item elementor-gallery-item\" href=\"https:\/\/www.progettifotografici.com\/wp-content\/uploads\/2020\/01\/0165_105mc.jpg\" data-elementor-open-lightbox=\"yes\" data-elementor-lightbox-slideshow=\"eeeccb5\" data-e-action-hash=\"#elementor-action%3Aaction%3Dlightbox%26settings%3DeyJpZCI6NDU0MTMsInVybCI6Imh0dHBzOlwvXC93d3cucHJvZ2V0dGlmb3RvZ3JhZmljaS5jb21cL3dwLWNvbnRlbnRcL3VwbG9hZHNcLzIwMjBcLzAxXC8wMTY1XzEwNW1jLmpwZyIsInNsaWRlc2hvdyI6ImVlZWNjYjUifQ%3D%3D\">\n\t\t\t\t\t<div class=\"e-gallery-image elementor-gallery-item__image\" data-thumbnail=\"https:\/\/www.progettifotografici.com\/wp-content\/uploads\/2020\/01\/0165_105mc-722x481.jpg\" data-width=\"722\" data-height=\"481\" aria-label=\"\" role=\"img\" ><\/div>\n\t\t\t\t\t\t\t\t\t\t\t\t\t\t<\/a>\n\t\t\t\t\t\t\t<a class=\"e-gallery-item elementor-gallery-item\" href=\"https:\/\/www.progettifotografici.com\/wp-content\/uploads\/2020\/01\/villa-aura-del-lago-wedding-bouquet.jpg\" data-elementor-open-lightbox=\"yes\" data-elementor-lightbox-slideshow=\"eeeccb5\" data-e-action-hash=\"#elementor-action%3Aaction%3Dlightbox%26settings%3DeyJpZCI6NDU1NjEsInVybCI6Imh0dHBzOlwvXC93d3cucHJvZ2V0dGlmb3RvZ3JhZmljaS5jb21cL3dwLWNvbnRlbnRcL3VwbG9hZHNcLzIwMjBcLzAxXC92aWxsYS1hdXJhLWRlbC1sYWdvLXdlZGRpbmctYm91cXVldC5qcGciLCJzbGlkZXNob3ciOiJlZWVjY2I1In0%3D\">\n\t\t\t\t\t<div class=\"e-gallery-image elementor-gallery-item__image\" data-thumbnail=\"https:\/\/www.progettifotografici.com\/wp-content\/uploads\/2020\/01\/villa-aura-del-lago-wedding-bouquet-722x481.jpg\" data-width=\"722\" data-height=\"481\" aria-label=\"The bride&#039;s bouquet. Detail.\" role=\"img\" ><\/div>\n\t\t\t\t\t\t\t\t\t\t\t\t\t\t<\/a>\n\t\t\t\t\t\t\t<a class=\"e-gallery-item elementor-gallery-item\" href=\"https:\/\/www.progettifotografici.com\/wp-content\/uploads\/2020\/01\/bride-vintage-car.jpg\" data-elementor-open-lightbox=\"yes\" data-elementor-lightbox-slideshow=\"eeeccb5\" data-e-action-hash=\"#elementor-action%3Aaction%3Dlightbox%26settings%3DeyJpZCI6NDU0MjEsInVybCI6Imh0dHBzOlwvXC93d3cucHJvZ2V0dGlmb3RvZ3JhZmljaS5jb21cL3dwLWNvbnRlbnRcL3VwbG9hZHNcLzIwMjBcLzAxXC9icmlkZS12aW50YWdlLWNhci5qcGciLCJzbGlkZXNob3ciOiJlZWVjY2I1In0%3D\">\n\t\t\t\t\t<div class=\"e-gallery-image elementor-gallery-item__image\" data-thumbnail=\"https:\/\/www.progettifotografici.com\/wp-content\/uploads\/2020\/01\/bride-vintage-car-722x481.jpg\" data-width=\"722\" data-height=\"481\" aria-label=\"The bride ready for the wedding ceremony smiles on her vintage car.\" role=\"img\" ><\/div>\n\t\t\t\t\t\t\t\t\t\t\t\t\t\t<\/a>\n\t\t\t\t\t\t\t<a class=\"e-gallery-item elementor-gallery-item\" href=\"https:\/\/www.progettifotografici.com\/wp-content\/uploads\/2020\/01\/manzoni-the-betrothed.jpg\" data-elementor-open-lightbox=\"yes\" data-elementor-lightbox-slideshow=\"eeeccb5\" data-e-action-hash=\"#elementor-action%3Aaction%3Dlightbox%26settings%3DeyJpZCI6NDU0MzEsInVybCI6Imh0dHBzOlwvXC93d3cucHJvZ2V0dGlmb3RvZ3JhZmljaS5jb21cL3dwLWNvbnRlbnRcL3VwbG9hZHNcLzIwMjBcLzAxXC9tYW56b25pLXRoZS1iZXRyb3RoZWQuanBnIiwic2xpZGVzaG93IjoiZWVlY2NiNSJ9\">\n\t\t\t\t\t<div class=\"e-gallery-image elementor-gallery-item__image\" data-thumbnail=\"https:\/\/www.progettifotografici.com\/wp-content\/uploads\/2020\/01\/manzoni-the-betrothed-722x481.jpg\" data-width=\"722\" data-height=\"481\" aria-label=\"Manzoni, I Promessi Sposi.\" role=\"img\" ><\/div>\n\t\t\t\t\t\t\t\t\t\t\t\t\t\t<\/a>\n\t\t\t\t\t\t\t<a class=\"e-gallery-item elementor-gallery-item\" href=\"https:\/\/www.progettifotografici.com\/wp-content\/uploads\/2020\/01\/bellagio-wedding-celebration.jpg\" data-elementor-open-lightbox=\"yes\" data-elementor-lightbox-slideshow=\"eeeccb5\" data-e-action-hash=\"#elementor-action%3Aaction%3Dlightbox%26settings%3DeyJpZCI6NDU0MjcsInVybCI6Imh0dHBzOlwvXC93d3cucHJvZ2V0dGlmb3RvZ3JhZmljaS5jb21cL3dwLWNvbnRlbnRcL3VwbG9hZHNcLzIwMjBcLzAxXC9iZWxsYWdpby13ZWRkaW5nLWNlbGVicmF0aW9uLmpwZyIsInNsaWRlc2hvdyI6ImVlZWNjYjUifQ%3D%3D\">\n\t\t\t\t\t<div class=\"e-gallery-image elementor-gallery-item__image\" data-thumbnail=\"https:\/\/www.progettifotografici.com\/wp-content\/uploads\/2020\/01\/bellagio-wedding-celebration-722x481.jpg\" data-width=\"722\" data-height=\"481\" aria-label=\"Wide view on the garden of the municipality of Bellagio at the beginning of the wedding ceremony.\" role=\"img\" ><\/div>\n\t\t\t\t\t\t\t\t\t\t\t\t\t\t<\/a>\n\t\t\t\t\t\t\t<a class=\"e-gallery-item elementor-gallery-item\" href=\"https:\/\/www.progettifotografici.com\/wp-content\/uploads\/2020\/08\/town-hall-bellagio-wedding.jpg\" data-elementor-open-lightbox=\"yes\" data-elementor-lightbox-slideshow=\"eeeccb5\" data-e-action-hash=\"#elementor-action%3Aaction%3Dlightbox%26settings%3DeyJpZCI6NDU3MjIsInVybCI6Imh0dHBzOlwvXC93d3cucHJvZ2V0dGlmb3RvZ3JhZmljaS5jb21cL3dwLWNvbnRlbnRcL3VwbG9hZHNcLzIwMjBcLzA4XC90b3duLWhhbGwtYmVsbGFnaW8td2VkZGluZy5qcGciLCJzbGlkZXNob3ciOiJlZWVjY2I1In0%3D\">\n\t\t\t\t\t<div class=\"e-gallery-image elementor-gallery-item__image\" data-thumbnail=\"https:\/\/www.progettifotografici.com\/wp-content\/uploads\/2020\/08\/town-hall-bellagio-wedding-722x481.jpg\" data-width=\"722\" data-height=\"481\" aria-label=\"The wedding celebration in the garden of the town hall of Bellagio.\" role=\"img\" ><\/div>\n\t\t\t\t\t\t\t\t\t\t\t\t\t\t<\/a>\n\t\t\t\t\t\t\t<a class=\"e-gallery-item elementor-gallery-item\" href=\"https:\/\/www.progettifotografici.com\/wp-content\/uploads\/2020\/08\/bellagio-wedding-celebration-town-hall.jpg\" data-elementor-open-lightbox=\"yes\" data-elementor-lightbox-slideshow=\"eeeccb5\" data-e-action-hash=\"#elementor-action%3Aaction%3Dlightbox%26settings%3DeyJpZCI6NDU3MjQsInVybCI6Imh0dHBzOlwvXC93d3cucHJvZ2V0dGlmb3RvZ3JhZmljaS5jb21cL3dwLWNvbnRlbnRcL3VwbG9hZHNcLzIwMjBcLzA4XC9iZWxsYWdpby13ZWRkaW5nLWNlbGVicmF0aW9uLXRvd24taGFsbC5qcGciLCJzbGlkZXNob3ciOiJlZWVjY2I1In0%3D\">\n\t\t\t\t\t<div class=\"e-gallery-image elementor-gallery-item__image\" data-thumbnail=\"https:\/\/www.progettifotografici.com\/wp-content\/uploads\/2020\/08\/bellagio-wedding-celebration-town-hall-722x481.jpg\" data-width=\"722\" data-height=\"481\" aria-label=\"The exchange of the rings at the town hall of Bellagio.\" role=\"img\" ><\/div>\n\t\t\t\t\t\t\t\t\t\t\t\t\t\t<\/a>\n\t\t\t\t\t\t\t<a class=\"e-gallery-item elementor-gallery-item\" href=\"https:\/\/www.progettifotografici.com\/wp-content\/uploads\/2020\/01\/bellagio-wedding-ceremony-confetti-throwing.jpg\" data-elementor-open-lightbox=\"yes\" data-elementor-lightbox-slideshow=\"eeeccb5\" data-e-action-hash=\"#elementor-action%3Aaction%3Dlightbox%26settings%3DeyJpZCI6NDU0MzMsInVybCI6Imh0dHBzOlwvXC93d3cucHJvZ2V0dGlmb3RvZ3JhZmljaS5jb21cL3dwLWNvbnRlbnRcL3VwbG9hZHNcLzIwMjBcLzAxXC9iZWxsYWdpby13ZWRkaW5nLWNlcmVtb255LWNvbmZldHRpLXRocm93aW5nLmpwZyIsInNsaWRlc2hvdyI6ImVlZWNjYjUifQ%3D%3D\">\n\t\t\t\t\t<div class=\"e-gallery-image elementor-gallery-item__image\" data-thumbnail=\"https:\/\/www.progettifotografici.com\/wp-content\/uploads\/2020\/01\/bellagio-wedding-ceremony-confetti-throwing-722x481.jpg\" data-width=\"722\" data-height=\"481\" aria-label=\"Confetti (it is rice...) throwing at the end of the wedding celebration at the municipality of Bellagio.\" role=\"img\" ><\/div>\n\t\t\t\t\t\t\t\t\t\t\t\t\t\t<\/a>\n\t\t\t\t\t\t\t<a class=\"e-gallery-item elementor-gallery-item\" href=\"https:\/\/www.progettifotografici.com\/wp-content\/uploads\/2020\/01\/villa-melzi-bellagio.jpg\" data-elementor-open-lightbox=\"yes\" data-elementor-lightbox-slideshow=\"eeeccb5\" data-e-action-hash=\"#elementor-action%3Aaction%3Dlightbox%26settings%3DeyJpZCI6NDU0NDMsInVybCI6Imh0dHBzOlwvXC93d3cucHJvZ2V0dGlmb3RvZ3JhZmljaS5jb21cL3dwLWNvbnRlbnRcL3VwbG9hZHNcLzIwMjBcLzAxXC92aWxsYS1tZWx6aS1iZWxsYWdpby5qcGciLCJzbGlkZXNob3ciOiJlZWVjY2I1In0%3D\">\n\t\t\t\t\t<div class=\"e-gallery-image elementor-gallery-item__image\" data-thumbnail=\"https:\/\/www.progettifotografici.com\/wp-content\/uploads\/2020\/01\/villa-melzi-bellagio-722x481.jpg\" data-width=\"722\" data-height=\"481\" aria-label=\"Villa Melzi, Bellagio, seen from the taxi boat.\" role=\"img\" ><\/div>\n\t\t\t\t\t\t\t\t\t\t\t\t\t\t<\/a>\n\t\t\t\t\t\t\t<a class=\"e-gallery-item elementor-gallery-item\" href=\"https:\/\/www.progettifotografici.com\/wp-content\/uploads\/2020\/01\/wooden-taxi-boat-lake-como.jpg\" data-elementor-open-lightbox=\"yes\" data-elementor-lightbox-slideshow=\"eeeccb5\" data-e-action-hash=\"#elementor-action%3Aaction%3Dlightbox%26settings%3DeyJpZCI6NDU0MzUsInVybCI6Imh0dHBzOlwvXC93d3cucHJvZ2V0dGlmb3RvZ3JhZmljaS5jb21cL3dwLWNvbnRlbnRcL3VwbG9hZHNcLzIwMjBcLzAxXC93b29kZW4tdGF4aS1ib2F0LWxha2UtY29tby5qcGciLCJzbGlkZXNob3ciOiJlZWVjY2I1In0%3D\">\n\t\t\t\t\t<div class=\"e-gallery-image elementor-gallery-item__image\" data-thumbnail=\"https:\/\/www.progettifotografici.com\/wp-content\/uploads\/2020\/01\/wooden-taxi-boat-lake-como-722x481.jpg\" data-width=\"722\" data-height=\"481\" aria-label=\"The bride and groom are leaving for a photoshoot on the water using a vintage wooden taxi boat.\" role=\"img\" ><\/div>\n\t\t\t\t\t\t\t\t\t\t\t\t\t\t<\/a>\n\t\t\t\t\t\t\t<a class=\"e-gallery-item elementor-gallery-item\" href=\"https:\/\/www.progettifotografici.com\/wp-content\/uploads\/2020\/01\/barindelli-taxi-boat-bellagio.jpg\" data-elementor-open-lightbox=\"yes\" data-elementor-lightbox-slideshow=\"eeeccb5\" data-e-action-hash=\"#elementor-action%3Aaction%3Dlightbox%26settings%3DeyJpZCI6NDU0MzcsInVybCI6Imh0dHBzOlwvXC93d3cucHJvZ2V0dGlmb3RvZ3JhZmljaS5jb21cL3dwLWNvbnRlbnRcL3VwbG9hZHNcLzIwMjBcLzAxXC9iYXJpbmRlbGxpLXRheGktYm9hdC1iZWxsYWdpby5qcGciLCJzbGlkZXNob3ciOiJlZWVjY2I1In0%3D\">\n\t\t\t\t\t<div class=\"e-gallery-image elementor-gallery-item__image\" data-thumbnail=\"https:\/\/www.progettifotografici.com\/wp-content\/uploads\/2020\/01\/barindelli-taxi-boat-bellagio-722x481.jpg\" data-width=\"722\" data-height=\"481\" aria-label=\"One of the wooden taxi boat of the Barindelli company, Bellagio.\" role=\"img\" ><\/div>\n\t\t\t\t\t\t\t\t\t\t\t\t\t\t<\/a>\n\t\t\t\t\t\t\t<a class=\"e-gallery-item elementor-gallery-item\" href=\"https:\/\/www.progettifotografici.com\/wp-content\/uploads\/2020\/01\/taxi-boat-barindelli.jpg\" data-elementor-open-lightbox=\"yes\" data-elementor-lightbox-slideshow=\"eeeccb5\" data-e-action-hash=\"#elementor-action%3Aaction%3Dlightbox%26settings%3DeyJpZCI6NDU0MzksInVybCI6Imh0dHBzOlwvXC93d3cucHJvZ2V0dGlmb3RvZ3JhZmljaS5jb21cL3dwLWNvbnRlbnRcL3VwbG9hZHNcLzIwMjBcLzAxXC90YXhpLWJvYXQtYmFyaW5kZWxsaS5qcGciLCJzbGlkZXNob3ciOiJlZWVjY2I1In0%3D\">\n\t\t\t\t\t<div class=\"e-gallery-image elementor-gallery-item__image\" data-thumbnail=\"https:\/\/www.progettifotografici.com\/wp-content\/uploads\/2020\/01\/taxi-boat-barindelli-722x481.jpg\" data-width=\"722\" data-height=\"481\" aria-label=\"Barindelli Taxi Boat, Bellagio. Limousine boats.\" role=\"img\" ><\/div>\n\t\t\t\t\t\t\t\t\t\t\t\t\t\t<\/a>\n\t\t\t\t\t\t\t<a class=\"e-gallery-item elementor-gallery-item\" href=\"https:\/\/www.progettifotografici.com\/wp-content\/uploads\/2020\/01\/bellagio-barindelli-taxi-boat.jpg\" data-elementor-open-lightbox=\"yes\" data-elementor-lightbox-slideshow=\"eeeccb5\" data-e-action-hash=\"#elementor-action%3Aaction%3Dlightbox%26settings%3DeyJpZCI6NDU0NDEsInVybCI6Imh0dHBzOlwvXC93d3cucHJvZ2V0dGlmb3RvZ3JhZmljaS5jb21cL3dwLWNvbnRlbnRcL3VwbG9hZHNcLzIwMjBcLzAxXC9iZWxsYWdpby1iYXJpbmRlbGxpLXRheGktYm9hdC5qcGciLCJzbGlkZXNob3ciOiJlZWVjY2I1In0%3D\">\n\t\t\t\t\t<div class=\"e-gallery-image elementor-gallery-item__image\" data-thumbnail=\"https:\/\/www.progettifotografici.com\/wp-content\/uploads\/2020\/01\/bellagio-barindelli-taxi-boat-722x481.jpg\" data-width=\"722\" data-height=\"481\" aria-label=\"The bride and groom start their ride on the Lake Como on board a Barindelli Taxi Boat.\" role=\"img\" ><\/div>\n\t\t\t\t\t\t\t\t\t\t\t\t\t\t<\/a>\n\t\t\t\t\t\t\t<a class=\"e-gallery-item elementor-gallery-item\" href=\"https:\/\/www.progettifotografici.com\/wp-content\/uploads\/2020\/01\/lake-como-landscape.jpg\" data-elementor-open-lightbox=\"yes\" data-elementor-lightbox-slideshow=\"eeeccb5\" data-e-action-hash=\"#elementor-action%3Aaction%3Dlightbox%26settings%3DeyJpZCI6NDU0NTcsInVybCI6Imh0dHBzOlwvXC93d3cucHJvZ2V0dGlmb3RvZ3JhZmljaS5jb21cL3dwLWNvbnRlbnRcL3VwbG9hZHNcLzIwMjBcLzAxXC9sYWtlLWNvbW8tbGFuZHNjYXBlLmpwZyIsInNsaWRlc2hvdyI6ImVlZWNjYjUifQ%3D%3D\">\n\t\t\t\t\t<div class=\"e-gallery-image elementor-gallery-item__image\" data-thumbnail=\"https:\/\/www.progettifotografici.com\/wp-content\/uploads\/2020\/01\/lake-como-landscape-722x481.jpg\" data-width=\"722\" data-height=\"481\" aria-label=\"Lake Como: a wide landscape.\" role=\"img\" ><\/div>\n\t\t\t\t\t\t\t\t\t\t\t\t\t\t<\/a>\n\t\t\t\t\t\t\t<a class=\"e-gallery-item elementor-gallery-item\" href=\"https:\/\/www.progettifotografici.com\/wp-content\/uploads\/2020\/08\/villa-del-balbianello-taxi-boat.jpg\" data-elementor-open-lightbox=\"yes\" data-elementor-lightbox-slideshow=\"eeeccb5\" data-e-action-hash=\"#elementor-action%3Aaction%3Dlightbox%26settings%3DeyJpZCI6NDU3MjYsInVybCI6Imh0dHBzOlwvXC93d3cucHJvZ2V0dGlmb3RvZ3JhZmljaS5jb21cL3dwLWNvbnRlbnRcL3VwbG9hZHNcLzIwMjBcLzA4XC92aWxsYS1kZWwtYmFsYmlhbmVsbG8tdGF4aS1ib2F0LmpwZyIsInNsaWRlc2hvdyI6ImVlZWNjYjUifQ%3D%3D\">\n\t\t\t\t\t<div class=\"e-gallery-image elementor-gallery-item__image\" data-thumbnail=\"https:\/\/www.progettifotografici.com\/wp-content\/uploads\/2020\/08\/villa-del-balbianello-taxi-boat-722x481.jpg\" data-width=\"722\" data-height=\"481\" aria-label=\"The bride and groom smiling with villa del Balbianello in the background.\" role=\"img\" ><\/div>\n\t\t\t\t\t\t\t\t\t\t\t\t\t\t<\/a>\n\t\t\t\t\t\t\t<a class=\"e-gallery-item elementor-gallery-item\" href=\"https:\/\/www.progettifotografici.com\/wp-content\/uploads\/2020\/01\/villa-del-balbianello-landscape.jpg\" data-elementor-open-lightbox=\"yes\" data-elementor-lightbox-slideshow=\"eeeccb5\" data-e-action-hash=\"#elementor-action%3Aaction%3Dlightbox%26settings%3DeyJpZCI6NDU0NDcsInVybCI6Imh0dHBzOlwvXC93d3cucHJvZ2V0dGlmb3RvZ3JhZmljaS5jb21cL3dwLWNvbnRlbnRcL3VwbG9hZHNcLzIwMjBcLzAxXC92aWxsYS1kZWwtYmFsYmlhbmVsbG8tbGFuZHNjYXBlLmpwZyIsInNsaWRlc2hvdyI6ImVlZWNjYjUifQ%3D%3D\">\n\t\t\t\t\t<div class=\"e-gallery-image elementor-gallery-item__image\" data-thumbnail=\"https:\/\/www.progettifotografici.com\/wp-content\/uploads\/2020\/01\/villa-del-balbianello-landscape-722x481.jpg\" data-width=\"722\" data-height=\"481\" aria-label=\"The bride and groom looking at Villa del Balbianello.\" role=\"img\" ><\/div>\n\t\t\t\t\t\t\t\t\t\t\t\t\t\t<\/a>\n\t\t\t\t\t\t\t<a class=\"e-gallery-item elementor-gallery-item\" href=\"https:\/\/www.progettifotografici.com\/wp-content\/uploads\/2020\/01\/villa-balbianello-james-bond-style.jpg\" data-elementor-open-lightbox=\"yes\" data-elementor-lightbox-slideshow=\"eeeccb5\" data-e-action-hash=\"#elementor-action%3Aaction%3Dlightbox%26settings%3DeyJpZCI6NDU0NDksInVybCI6Imh0dHBzOlwvXC93d3cucHJvZ2V0dGlmb3RvZ3JhZmljaS5jb21cL3dwLWNvbnRlbnRcL3VwbG9hZHNcLzIwMjBcLzAxXC92aWxsYS1iYWxiaWFuZWxsby1qYW1lcy1ib25kLXN0eWxlLmpwZyIsInNsaWRlc2hvdyI6ImVlZWNjYjUifQ%3D%3D\">\n\t\t\t\t\t<div class=\"e-gallery-image elementor-gallery-item__image\" data-thumbnail=\"https:\/\/www.progettifotografici.com\/wp-content\/uploads\/2020\/01\/villa-balbianello-james-bond-style-722x481.jpg\" data-width=\"722\" data-height=\"481\" aria-label=\"The moment before a kiss with Villa del Balbianello in the background. The groom is dressed in the James Bond style.\" role=\"img\" ><\/div>\n\t\t\t\t\t\t\t\t\t\t\t\t\t\t<\/a>\n\t\t\t\t\t\t\t<a class=\"e-gallery-item elementor-gallery-item\" href=\"https:\/\/www.progettifotografici.com\/wp-content\/uploads\/2020\/01\/villa-la-cassinella-lake-como.jpg\" data-elementor-open-lightbox=\"yes\" data-elementor-lightbox-slideshow=\"eeeccb5\" data-e-action-hash=\"#elementor-action%3Aaction%3Dlightbox%26settings%3DeyJpZCI6NDU0NTEsInVybCI6Imh0dHBzOlwvXC93d3cucHJvZ2V0dGlmb3RvZ3JhZmljaS5jb21cL3dwLWNvbnRlbnRcL3VwbG9hZHNcLzIwMjBcLzAxXC92aWxsYS1sYS1jYXNzaW5lbGxhLWxha2UtY29tby5qcGciLCJzbGlkZXNob3ciOiJlZWVjY2I1In0%3D\">\n\t\t\t\t\t<div class=\"e-gallery-image elementor-gallery-item__image\" data-thumbnail=\"https:\/\/www.progettifotografici.com\/wp-content\/uploads\/2020\/01\/villa-la-cassinella-lake-como-722x481.jpg\" data-width=\"722\" data-height=\"481\" aria-label=\"Villa la Cassinella seen from the wooden taxi boat.\" role=\"img\" ><\/div>\n\t\t\t\t\t\t\t\t\t\t\t\t\t\t<\/a>\n\t\t\t\t\t\t\t<a class=\"e-gallery-item elementor-gallery-item\" href=\"https:\/\/www.progettifotografici.com\/wp-content\/uploads\/2020\/01\/villa-cassinella-james-bond-style.jpg\" data-elementor-open-lightbox=\"yes\" data-elementor-lightbox-slideshow=\"eeeccb5\" data-e-action-hash=\"#elementor-action%3Aaction%3Dlightbox%26settings%3DeyJpZCI6NDU0NTMsInVybCI6Imh0dHBzOlwvXC93d3cucHJvZ2V0dGlmb3RvZ3JhZmljaS5jb21cL3dwLWNvbnRlbnRcL3VwbG9hZHNcLzIwMjBcLzAxXC92aWxsYS1jYXNzaW5lbGxhLWphbWVzLWJvbmQtc3R5bGUuanBnIiwic2xpZGVzaG93IjoiZWVlY2NiNSJ9\">\n\t\t\t\t\t<div class=\"e-gallery-image elementor-gallery-item__image\" data-thumbnail=\"https:\/\/www.progettifotografici.com\/wp-content\/uploads\/2020\/01\/villa-cassinella-james-bond-style-722x481.jpg\" data-width=\"722\" data-height=\"481\" aria-label=\"The bride and groom kiss with Villa la Cassinella in the background.\" role=\"img\" ><\/div>\n\t\t\t\t\t\t\t\t\t\t\t\t\t\t<\/a>\n\t\t\t\t\t\t\t<a class=\"e-gallery-item elementor-gallery-item\" href=\"https:\/\/www.progettifotografici.com\/wp-content\/uploads\/2020\/01\/villa-la-cassinella-wedding.jpg\" data-elementor-open-lightbox=\"yes\" data-elementor-lightbox-slideshow=\"eeeccb5\" data-e-action-hash=\"#elementor-action%3Aaction%3Dlightbox%26settings%3DeyJpZCI6NDU0NTUsInVybCI6Imh0dHBzOlwvXC93d3cucHJvZ2V0dGlmb3RvZ3JhZmljaS5jb21cL3dwLWNvbnRlbnRcL3VwbG9hZHNcLzIwMjBcLzAxXC92aWxsYS1sYS1jYXNzaW5lbGxhLXdlZGRpbmcuanBnIiwic2xpZGVzaG93IjoiZWVlY2NiNSJ9\">\n\t\t\t\t\t<div class=\"e-gallery-image elementor-gallery-item__image\" data-thumbnail=\"https:\/\/www.progettifotografici.com\/wp-content\/uploads\/2020\/01\/villa-la-cassinella-wedding-722x481.jpg\" data-width=\"722\" data-height=\"481\" aria-label=\"Shout of joy from the bride and groom.\" role=\"img\" ><\/div>\n\t\t\t\t\t\t\t\t\t\t\t\t\t\t<\/a>\n\t\t\t\t\t\t\t<a class=\"e-gallery-item elementor-gallery-item\" href=\"https:\/\/www.progettifotografici.com\/wp-content\/uploads\/2020\/01\/bellagio-seen-from-the-water.jpg\" data-elementor-open-lightbox=\"yes\" data-elementor-lightbox-slideshow=\"eeeccb5\" data-e-action-hash=\"#elementor-action%3Aaction%3Dlightbox%26settings%3DeyJpZCI6NDU0NjEsInVybCI6Imh0dHBzOlwvXC93d3cucHJvZ2V0dGlmb3RvZ3JhZmljaS5jb21cL3dwLWNvbnRlbnRcL3VwbG9hZHNcLzIwMjBcLzAxXC9iZWxsYWdpby1zZWVuLWZyb20tdGhlLXdhdGVyLmpwZyIsInNsaWRlc2hvdyI6ImVlZWNjYjUifQ%3D%3D\">\n\t\t\t\t\t<div class=\"e-gallery-image elementor-gallery-item__image\" data-thumbnail=\"https:\/\/www.progettifotografici.com\/wp-content\/uploads\/2020\/01\/bellagio-seen-from-the-water-722x481.jpg\" data-width=\"722\" data-height=\"481\" aria-label=\"Wide view of Bellagio from the water.\" role=\"img\" ><\/div>\n\t\t\t\t\t\t\t\t\t\t\t\t\t\t<\/a>\n\t\t\t\t\t\t\t<a class=\"e-gallery-item elementor-gallery-item\" href=\"https:\/\/www.progettifotografici.com\/wp-content\/uploads\/2020\/08\/lake-como-bride-and-groom.jpg\" data-elementor-open-lightbox=\"yes\" data-elementor-lightbox-slideshow=\"eeeccb5\" data-e-action-hash=\"#elementor-action%3Aaction%3Dlightbox%26settings%3DeyJpZCI6NDU3MjgsInVybCI6Imh0dHBzOlwvXC93d3cucHJvZ2V0dGlmb3RvZ3JhZmljaS5jb21cL3dwLWNvbnRlbnRcL3VwbG9hZHNcLzIwMjBcLzA4XC9sYWtlLWNvbW8tYnJpZGUtYW5kLWdyb29tLmpwZyIsInNsaWRlc2hvdyI6ImVlZWNjYjUifQ%3D%3D\">\n\t\t\t\t\t<div class=\"e-gallery-image elementor-gallery-item__image\" data-thumbnail=\"https:\/\/www.progettifotografici.com\/wp-content\/uploads\/2020\/08\/lake-como-bride-and-groom-722x481.jpg\" data-width=\"722\" data-height=\"481\" aria-label=\"The bride and groom looking at the landscape from the wooden taxi boat.\" role=\"img\" ><\/div>\n\t\t\t\t\t\t\t\t\t\t\t\t\t\t<\/a>\n\t\t\t\t\t\t\t<a class=\"e-gallery-item elementor-gallery-item\" href=\"https:\/\/www.progettifotografici.com\/wp-content\/uploads\/2020\/01\/lake-como-wedding-taxi-boat.jpg\" data-elementor-open-lightbox=\"yes\" data-elementor-lightbox-slideshow=\"eeeccb5\" data-e-action-hash=\"#elementor-action%3Aaction%3Dlightbox%26settings%3DeyJpZCI6NDU0NjcsInVybCI6Imh0dHBzOlwvXC93d3cucHJvZ2V0dGlmb3RvZ3JhZmljaS5jb21cL3dwLWNvbnRlbnRcL3VwbG9hZHNcLzIwMjBcLzAxXC9sYWtlLWNvbW8td2VkZGluZy10YXhpLWJvYXQuanBnIiwic2xpZGVzaG93IjoiZWVlY2NiNSJ9\">\n\t\t\t\t\t<div class=\"e-gallery-image elementor-gallery-item__image\" data-thumbnail=\"https:\/\/www.progettifotografici.com\/wp-content\/uploads\/2020\/01\/lake-como-wedding-taxi-boat-722x481.jpg\" data-width=\"722\" data-height=\"481\" aria-label=\"Wooden taxi boat for this wedding on Lake Como.\" role=\"img\" ><\/div>\n\t\t\t\t\t\t\t\t\t\t\t\t\t\t<\/a>\n\t\t\t\t\t\t\t<a class=\"e-gallery-item elementor-gallery-item\" href=\"https:\/\/www.progettifotografici.com\/wp-content\/uploads\/2020\/01\/bellagio.jpg\" data-elementor-open-lightbox=\"yes\" data-elementor-lightbox-slideshow=\"eeeccb5\" data-e-action-hash=\"#elementor-action%3Aaction%3Dlightbox%26settings%3DeyJpZCI6NDU0NjUsInVybCI6Imh0dHBzOlwvXC93d3cucHJvZ2V0dGlmb3RvZ3JhZmljaS5jb21cL3dwLWNvbnRlbnRcL3VwbG9hZHNcLzIwMjBcLzAxXC9iZWxsYWdpby5qcGciLCJzbGlkZXNob3ciOiJlZWVjY2I1In0%3D\">\n\t\t\t\t\t<div class=\"e-gallery-image elementor-gallery-item__image\" data-thumbnail=\"https:\/\/www.progettifotografici.com\/wp-content\/uploads\/2020\/01\/bellagio-722x481.jpg\" data-width=\"722\" data-height=\"481\" aria-label=\"\" role=\"img\" ><\/div>\n\t\t\t\t\t\t\t\t\t\t\t\t\t\t<\/a>\n\t\t\t\t\t\t\t<a class=\"e-gallery-item elementor-gallery-item\" href=\"https:\/\/www.progettifotografici.com\/wp-content\/uploads\/2020\/01\/barindelli-lake-como-vintage-taxi-boat.jpg\" data-elementor-open-lightbox=\"yes\" data-elementor-lightbox-slideshow=\"eeeccb5\" data-e-action-hash=\"#elementor-action%3Aaction%3Dlightbox%26settings%3DeyJpZCI6NDU0NjksInVybCI6Imh0dHBzOlwvXC93d3cucHJvZ2V0dGlmb3RvZ3JhZmljaS5jb21cL3dwLWNvbnRlbnRcL3VwbG9hZHNcLzIwMjBcLzAxXC9iYXJpbmRlbGxpLWxha2UtY29tby12aW50YWdlLXRheGktYm9hdC5qcGciLCJzbGlkZXNob3ciOiJlZWVjY2I1In0%3D\">\n\t\t\t\t\t<div class=\"e-gallery-image elementor-gallery-item__image\" data-thumbnail=\"https:\/\/www.progettifotografici.com\/wp-content\/uploads\/2020\/01\/barindelli-lake-como-vintage-taxi-boat-722x481.jpg\" data-width=\"722\" data-height=\"481\" aria-label=\"Wedding photoshoot on a Barindelli taxi boat.\" role=\"img\" ><\/div>\n\t\t\t\t\t\t\t\t\t\t\t\t\t\t<\/a>\n\t\t\t\t\t\t\t<a class=\"e-gallery-item elementor-gallery-item\" href=\"https:\/\/www.progettifotografici.com\/wp-content\/uploads\/2020\/01\/villa-aura-del-lago-limonta-landscape.jpg\" data-elementor-open-lightbox=\"yes\" data-elementor-lightbox-slideshow=\"eeeccb5\" data-e-action-hash=\"#elementor-action%3Aaction%3Dlightbox%26settings%3DeyJpZCI6NDU0NzMsInVybCI6Imh0dHBzOlwvXC93d3cucHJvZ2V0dGlmb3RvZ3JhZmljaS5jb21cL3dwLWNvbnRlbnRcL3VwbG9hZHNcLzIwMjBcLzAxXC92aWxsYS1hdXJhLWRlbC1sYWdvLWxpbW9udGEtbGFuZHNjYXBlLmpwZyIsInNsaWRlc2hvdyI6ImVlZWNjYjUifQ%3D%3D\">\n\t\t\t\t\t<div class=\"e-gallery-image elementor-gallery-item__image\" data-thumbnail=\"https:\/\/www.progettifotografici.com\/wp-content\/uploads\/2020\/01\/villa-aura-del-lago-limonta-landscape-722x481.jpg\" data-width=\"722\" data-height=\"481\" aria-label=\"Wide view on the mountain over Villa Aura del Lago. The villa on the left.\" role=\"img\" ><\/div>\n\t\t\t\t\t\t\t\t\t\t\t\t\t\t<\/a>\n\t\t\t\t\t\t\t<a class=\"e-gallery-item elementor-gallery-item\" href=\"https:\/\/www.progettifotografici.com\/wp-content\/uploads\/2020\/01\/villa-aura-del-lago-seen-from-the-water.jpg\" data-elementor-open-lightbox=\"yes\" data-elementor-lightbox-slideshow=\"eeeccb5\" data-e-action-hash=\"#elementor-action%3Aaction%3Dlightbox%26settings%3DeyJpZCI6NDU0NzUsInVybCI6Imh0dHBzOlwvXC93d3cucHJvZ2V0dGlmb3RvZ3JhZmljaS5jb21cL3dwLWNvbnRlbnRcL3VwbG9hZHNcLzIwMjBcLzAxXC92aWxsYS1hdXJhLWRlbC1sYWdvLXNlZW4tZnJvbS10aGUtd2F0ZXIuanBnIiwic2xpZGVzaG93IjoiZWVlY2NiNSJ9\">\n\t\t\t\t\t<div class=\"e-gallery-image elementor-gallery-item__image\" data-thumbnail=\"https:\/\/www.progettifotografici.com\/wp-content\/uploads\/2020\/01\/villa-aura-del-lago-seen-from-the-water-722x481.jpg\" data-width=\"722\" data-height=\"481\" aria-label=\"Closer view on Villa Aura del Lago, again from the water.\" role=\"img\" ><\/div>\n\t\t\t\t\t\t\t\t\t\t\t\t\t\t<\/a>\n\t\t\t\t\t\t\t<a class=\"e-gallery-item elementor-gallery-item\" href=\"https:\/\/www.progettifotografici.com\/wp-content\/uploads\/2020\/01\/wedding-taxi-boat.jpg\" data-elementor-open-lightbox=\"yes\" data-elementor-lightbox-slideshow=\"eeeccb5\" data-e-action-hash=\"#elementor-action%3Aaction%3Dlightbox%26settings%3DeyJpZCI6NDU0ODUsInVybCI6Imh0dHBzOlwvXC93d3cucHJvZ2V0dGlmb3RvZ3JhZmljaS5jb21cL3dwLWNvbnRlbnRcL3VwbG9hZHNcLzIwMjBcLzAxXC93ZWRkaW5nLXRheGktYm9hdC5qcGciLCJzbGlkZXNob3ciOiJlZWVjY2I1In0%3D\">\n\t\t\t\t\t<div class=\"e-gallery-image elementor-gallery-item__image\" data-thumbnail=\"https:\/\/www.progettifotografici.com\/wp-content\/uploads\/2020\/01\/wedding-taxi-boat-722x481.jpg\" data-width=\"722\" data-height=\"481\" aria-label=\"Act of jubilation from the bride and groom.\" role=\"img\" ><\/div>\n\t\t\t\t\t\t\t\t\t\t\t\t\t\t<\/a>\n\t\t\t\t\t\t\t<a class=\"e-gallery-item elementor-gallery-item\" href=\"https:\/\/www.progettifotografici.com\/wp-content\/uploads\/2020\/01\/villa-aura-del-lago-wedding-reception.jpg\" data-elementor-open-lightbox=\"yes\" data-elementor-lightbox-slideshow=\"eeeccb5\" data-e-action-hash=\"#elementor-action%3Aaction%3Dlightbox%26settings%3DeyJpZCI6NDU0ODksInVybCI6Imh0dHBzOlwvXC93d3cucHJvZ2V0dGlmb3RvZ3JhZmljaS5jb21cL3dwLWNvbnRlbnRcL3VwbG9hZHNcLzIwMjBcLzAxXC92aWxsYS1hdXJhLWRlbC1sYWdvLXdlZGRpbmctcmVjZXB0aW9uLmpwZyIsInNsaWRlc2hvdyI6ImVlZWNjYjUifQ%3D%3D\">\n\t\t\t\t\t<div class=\"e-gallery-image elementor-gallery-item__image\" data-thumbnail=\"https:\/\/www.progettifotografici.com\/wp-content\/uploads\/2020\/01\/villa-aura-del-lago-wedding-reception-722x481.jpg\" data-width=\"722\" data-height=\"481\" aria-label=\"An overview on the buffet are at Villa Aura del Lago\" role=\"img\" ><\/div>\n\t\t\t\t\t\t\t\t\t\t\t\t\t\t<\/a>\n\t\t\t\t\t\t\t<a class=\"e-gallery-item elementor-gallery-item\" href=\"https:\/\/www.progettifotografici.com\/wp-content\/uploads\/2020\/08\/vintage-taxi-boat-lake-como.jpg\" data-elementor-open-lightbox=\"yes\" data-elementor-lightbox-slideshow=\"eeeccb5\" data-e-action-hash=\"#elementor-action%3Aaction%3Dlightbox%26settings%3DeyJpZCI6NDU2MjcsInVybCI6Imh0dHBzOlwvXC93d3cucHJvZ2V0dGlmb3RvZ3JhZmljaS5jb21cL3dwLWNvbnRlbnRcL3VwbG9hZHNcLzIwMjBcLzA4XC92aW50YWdlLXRheGktYm9hdC1sYWtlLWNvbW8uanBnIiwic2xpZGVzaG93IjoiZWVlY2NiNSJ9\">\n\t\t\t\t\t<div class=\"e-gallery-image elementor-gallery-item__image\" data-thumbnail=\"https:\/\/www.progettifotografici.com\/wp-content\/uploads\/2020\/08\/vintage-taxi-boat-lake-como-722x481.jpg\" data-width=\"722\" data-height=\"481\" aria-label=\"Going to Villa Aura del Lago with a vintage wooden taxi boat.\" role=\"img\" ><\/div>\n\t\t\t\t\t\t\t\t\t\t\t\t\t\t<\/a>\n\t\t\t\t\t\t\t<a class=\"e-gallery-item elementor-gallery-item\" href=\"https:\/\/www.progettifotografici.com\/wp-content\/uploads\/2020\/01\/villa-aura-del-lago-taxi-boat.jpg\" data-elementor-open-lightbox=\"yes\" data-elementor-lightbox-slideshow=\"eeeccb5\" data-e-action-hash=\"#elementor-action%3Aaction%3Dlightbox%26settings%3DeyJpZCI6NDU0NzksInVybCI6Imh0dHBzOlwvXC93d3cucHJvZ2V0dGlmb3RvZ3JhZmljaS5jb21cL3dwLWNvbnRlbnRcL3VwbG9hZHNcLzIwMjBcLzAxXC92aWxsYS1hdXJhLWRlbC1sYWdvLXRheGktYm9hdC5qcGciLCJzbGlkZXNob3ciOiJlZWVjY2I1In0%3D\">\n\t\t\t\t\t<div class=\"e-gallery-image elementor-gallery-item__image\" data-thumbnail=\"https:\/\/www.progettifotografici.com\/wp-content\/uploads\/2020\/01\/villa-aura-del-lago-taxi-boat-722x481.jpg\" data-width=\"722\" data-height=\"481\" aria-label=\"The bride and groom on the taxi boat. The guests are welcoming the couple and taking pictures to them.\" role=\"img\" ><\/div>\n\t\t\t\t\t\t\t\t\t\t\t\t\t\t<\/a>\n\t\t\t\t\t\t\t<a class=\"e-gallery-item elementor-gallery-item\" href=\"https:\/\/www.progettifotografici.com\/wp-content\/uploads\/2020\/01\/villa-aura-del-lago-from-the-water.jpg\" data-elementor-open-lightbox=\"yes\" data-elementor-lightbox-slideshow=\"eeeccb5\" data-e-action-hash=\"#elementor-action%3Aaction%3Dlightbox%26settings%3DeyJpZCI6NDU0ODEsInVybCI6Imh0dHBzOlwvXC93d3cucHJvZ2V0dGlmb3RvZ3JhZmljaS5jb21cL3dwLWNvbnRlbnRcL3VwbG9hZHNcLzIwMjBcLzAxXC92aWxsYS1hdXJhLWRlbC1sYWdvLWZyb20tdGhlLXdhdGVyLmpwZyIsInNsaWRlc2hvdyI6ImVlZWNjYjUifQ%3D%3D\">\n\t\t\t\t\t<div class=\"e-gallery-image elementor-gallery-item__image\" data-thumbnail=\"https:\/\/www.progettifotografici.com\/wp-content\/uploads\/2020\/01\/villa-aura-del-lago-from-the-water-722x481.jpg\" data-width=\"722\" data-height=\"481\" aria-label=\"The couple is laughing on the boat while the guests are welcoming them from the shore.\" role=\"img\" ><\/div>\n\t\t\t\t\t\t\t\t\t\t\t\t\t\t<\/a>\n\t\t\t\t\t\t\t<a class=\"e-gallery-item elementor-gallery-item\" href=\"https:\/\/www.progettifotografici.com\/wp-content\/uploads\/2020\/01\/villa-aura-del-lago-wedding-band-balcony.jpg\" data-elementor-open-lightbox=\"yes\" data-elementor-lightbox-slideshow=\"eeeccb5\" data-e-action-hash=\"#elementor-action%3Aaction%3Dlightbox%26settings%3DeyJpZCI6NDU0OTEsInVybCI6Imh0dHBzOlwvXC93d3cucHJvZ2V0dGlmb3RvZ3JhZmljaS5jb21cL3dwLWNvbnRlbnRcL3VwbG9hZHNcLzIwMjBcLzAxXC92aWxsYS1hdXJhLWRlbC1sYWdvLXdlZGRpbmctYmFuZC1iYWxjb255LmpwZyIsInNsaWRlc2hvdyI6ImVlZWNjYjUifQ%3D%3D\">\n\t\t\t\t\t<div class=\"e-gallery-image elementor-gallery-item__image\" data-thumbnail=\"https:\/\/www.progettifotografici.com\/wp-content\/uploads\/2020\/01\/villa-aura-del-lago-wedding-band-balcony-722x481.jpg\" data-width=\"722\" data-height=\"481\" aria-label=\"The musicians.\" role=\"img\" ><\/div>\n\t\t\t\t\t\t\t\t\t\t\t\t\t\t<\/a>\n\t\t\t\t\t\t\t<a class=\"e-gallery-item elementor-gallery-item\" href=\"https:\/\/www.progettifotografici.com\/wp-content\/uploads\/2020\/01\/villa-aura-del-lago-vintage-taxi-boat.jpg\" data-elementor-open-lightbox=\"yes\" data-elementor-lightbox-slideshow=\"eeeccb5\" data-e-action-hash=\"#elementor-action%3Aaction%3Dlightbox%26settings%3DeyJpZCI6NDU0ODcsInVybCI6Imh0dHBzOlwvXC93d3cucHJvZ2V0dGlmb3RvZ3JhZmljaS5jb21cL3dwLWNvbnRlbnRcL3VwbG9hZHNcLzIwMjBcLzAxXC92aWxsYS1hdXJhLWRlbC1sYWdvLXZpbnRhZ2UtdGF4aS1ib2F0LmpwZyIsInNsaWRlc2hvdyI6ImVlZWNjYjUifQ%3D%3D\">\n\t\t\t\t\t<div class=\"e-gallery-image elementor-gallery-item__image\" data-thumbnail=\"https:\/\/www.progettifotografici.com\/wp-content\/uploads\/2020\/01\/villa-aura-del-lago-vintage-taxi-boat-722x481.jpg\" data-width=\"722\" data-height=\"481\" aria-label=\"The newlyweds have just got off the taxi boat and are smiling to the guests.\" role=\"img\" ><\/div>\n\t\t\t\t\t\t\t\t\t\t\t\t\t\t<\/a>\n\t\t\t\t\t\t\t<a class=\"e-gallery-item elementor-gallery-item\" href=\"https:\/\/www.progettifotografici.com\/wp-content\/uploads\/2020\/01\/villa-aura-del-lago-wedding-children-entertainer.jpg\" data-elementor-open-lightbox=\"yes\" data-elementor-lightbox-slideshow=\"eeeccb5\" data-e-action-hash=\"#elementor-action%3Aaction%3Dlightbox%26settings%3DeyJpZCI6NDU0OTUsInVybCI6Imh0dHBzOlwvXC93d3cucHJvZ2V0dGlmb3RvZ3JhZmljaS5jb21cL3dwLWNvbnRlbnRcL3VwbG9hZHNcLzIwMjBcLzAxXC92aWxsYS1hdXJhLWRlbC1sYWdvLXdlZGRpbmctY2hpbGRyZW4tZW50ZXJ0YWluZXIuanBnIiwic2xpZGVzaG93IjoiZWVlY2NiNSJ9\">\n\t\t\t\t\t<div class=\"e-gallery-image elementor-gallery-item__image\" data-thumbnail=\"https:\/\/www.progettifotografici.com\/wp-content\/uploads\/2020\/01\/villa-aura-del-lago-wedding-children-entertainer-722x481.jpg\" data-width=\"722\" data-height=\"481\" aria-label=\"The animator with the children.\" role=\"img\" ><\/div>\n\t\t\t\t\t\t\t\t\t\t\t\t\t\t<\/a>\n\t\t\t\t\t\t\t<a class=\"e-gallery-item elementor-gallery-item\" href=\"https:\/\/www.progettifotografici.com\/wp-content\/uploads\/2020\/01\/villa-aura-del-lago-wedding_424lr.jpg\" data-elementor-open-lightbox=\"yes\" data-elementor-lightbox-slideshow=\"eeeccb5\" data-e-action-hash=\"#elementor-action%3Aaction%3Dlightbox%26settings%3DeyJpZCI6NDU0OTMsInVybCI6Imh0dHBzOlwvXC93d3cucHJvZ2V0dGlmb3RvZ3JhZmljaS5jb21cL3dwLWNvbnRlbnRcL3VwbG9hZHNcLzIwMjBcLzAxXC92aWxsYS1hdXJhLWRlbC1sYWdvLXdlZGRpbmdfNDI0bHIuanBnIiwic2xpZGVzaG93IjoiZWVlY2NiNSJ9\">\n\t\t\t\t\t<div class=\"e-gallery-image elementor-gallery-item__image\" data-thumbnail=\"https:\/\/www.progettifotografici.com\/wp-content\/uploads\/2020\/01\/villa-aura-del-lago-wedding_424lr-722x481.jpg\" data-width=\"722\" data-height=\"481\" aria-label=\"A little kid is smiling.\" role=\"img\" ><\/div>\n\t\t\t\t\t\t\t\t\t\t\t\t\t\t<\/a>\n\t\t\t\t\t\t\t<a class=\"e-gallery-item elementor-gallery-item\" href=\"https:\/\/www.progettifotografici.com\/wp-content\/uploads\/2020\/01\/villa-aura-del-lago-funny-scene.jpg\" data-elementor-open-lightbox=\"yes\" data-elementor-lightbox-slideshow=\"eeeccb5\" data-e-action-hash=\"#elementor-action%3Aaction%3Dlightbox%26settings%3DeyJpZCI6NDU0OTcsInVybCI6Imh0dHBzOlwvXC93d3cucHJvZ2V0dGlmb3RvZ3JhZmljaS5jb21cL3dwLWNvbnRlbnRcL3VwbG9hZHNcLzIwMjBcLzAxXC92aWxsYS1hdXJhLWRlbC1sYWdvLWZ1bm55LXNjZW5lLmpwZyIsInNsaWRlc2hvdyI6ImVlZWNjYjUifQ%3D%3D\">\n\t\t\t\t\t<div class=\"e-gallery-image elementor-gallery-item__image\" data-thumbnail=\"https:\/\/www.progettifotografici.com\/wp-content\/uploads\/2020\/01\/villa-aura-del-lago-funny-scene-722x481.jpg\" data-width=\"722\" data-height=\"481\" aria-label=\"A group of girls and the bride&#039;s father playing to take strange poses with the photographer.\" role=\"img\" ><\/div>\n\t\t\t\t\t\t\t\t\t\t\t\t\t\t<\/a>\n\t\t\t\t\t\t\t<a class=\"e-gallery-item elementor-gallery-item\" href=\"https:\/\/www.progettifotografici.com\/wp-content\/uploads\/2020\/08\/villa-aura-del-lago-buffet.jpg\" data-elementor-open-lightbox=\"yes\" data-elementor-lightbox-slideshow=\"eeeccb5\" data-e-action-hash=\"#elementor-action%3Aaction%3Dlightbox%26settings%3DeyJpZCI6NDU2NzAsInVybCI6Imh0dHBzOlwvXC93d3cucHJvZ2V0dGlmb3RvZ3JhZmljaS5jb21cL3dwLWNvbnRlbnRcL3VwbG9hZHNcLzIwMjBcLzA4XC92aWxsYS1hdXJhLWRlbC1sYWdvLWJ1ZmZldC5qcGciLCJzbGlkZXNob3ciOiJlZWVjY2I1In0%3D\">\n\t\t\t\t\t<div class=\"e-gallery-image elementor-gallery-item__image\" data-thumbnail=\"https:\/\/www.progettifotografici.com\/wp-content\/uploads\/2020\/08\/villa-aura-del-lago-buffet-722x481.jpg\" data-width=\"722\" data-height=\"481\" aria-label=\"A vide scene with the wedding buffet and the lake at Villa Aura del Lago.\" role=\"img\" ><\/div>\n\t\t\t\t\t\t\t\t\t\t\t\t\t\t<\/a>\n\t\t\t\t\t\t\t<a class=\"e-gallery-item elementor-gallery-item\" href=\"https:\/\/www.progettifotografici.com\/wp-content\/uploads\/2020\/01\/villa-aura-del-lago-wedding-450lr.jpg\" data-elementor-open-lightbox=\"yes\" data-elementor-lightbox-slideshow=\"eeeccb5\" data-e-action-hash=\"#elementor-action%3Aaction%3Dlightbox%26settings%3DeyJpZCI6NDU0OTksInVybCI6Imh0dHBzOlwvXC93d3cucHJvZ2V0dGlmb3RvZ3JhZmljaS5jb21cL3dwLWNvbnRlbnRcL3VwbG9hZHNcLzIwMjBcLzAxXC92aWxsYS1hdXJhLWRlbC1sYWdvLXdlZGRpbmctNDUwbHIuanBnIiwic2xpZGVzaG93IjoiZWVlY2NiNSJ9\">\n\t\t\t\t\t<div class=\"e-gallery-image elementor-gallery-item__image\" data-thumbnail=\"https:\/\/www.progettifotografici.com\/wp-content\/uploads\/2020\/01\/villa-aura-del-lago-wedding-450lr-722x481.jpg\" data-width=\"722\" data-height=\"481\" aria-label=\"A father giving the milk to his son.\" role=\"img\" ><\/div>\n\t\t\t\t\t\t\t\t\t\t\t\t\t\t<\/a>\n\t\t\t\t\t\t\t<a class=\"e-gallery-item elementor-gallery-item\" href=\"https:\/\/www.progettifotografici.com\/wp-content\/uploads\/2020\/01\/villa-aura-del-lago-family-portrait.jpg\" data-elementor-open-lightbox=\"yes\" data-elementor-lightbox-slideshow=\"eeeccb5\" data-e-action-hash=\"#elementor-action%3Aaction%3Dlightbox%26settings%3DeyJpZCI6NDU1MDMsInVybCI6Imh0dHBzOlwvXC93d3cucHJvZ2V0dGlmb3RvZ3JhZmljaS5jb21cL3dwLWNvbnRlbnRcL3VwbG9hZHNcLzIwMjBcLzAxXC92aWxsYS1hdXJhLWRlbC1sYWdvLWZhbWlseS1wb3J0cmFpdC5qcGciLCJzbGlkZXNob3ciOiJlZWVjY2I1In0%3D\">\n\t\t\t\t\t<div class=\"e-gallery-image elementor-gallery-item__image\" data-thumbnail=\"https:\/\/www.progettifotografici.com\/wp-content\/uploads\/2020\/01\/villa-aura-del-lago-family-portrait-722x481.jpg\" data-width=\"722\" data-height=\"481\" aria-label=\"Family portrait at the balcony of Villa Aura del Lago.\" role=\"img\" ><\/div>\n\t\t\t\t\t\t\t\t\t\t\t\t\t\t<\/a>\n\t\t\t\t\t\t\t<a class=\"e-gallery-item elementor-gallery-item\" href=\"https:\/\/www.progettifotografici.com\/wp-content\/uploads\/2020\/01\/villa-aura-del-lago-view.jpg\" data-elementor-open-lightbox=\"yes\" data-elementor-lightbox-slideshow=\"eeeccb5\" data-e-action-hash=\"#elementor-action%3Aaction%3Dlightbox%26settings%3DeyJpZCI6NDU1MDEsInVybCI6Imh0dHBzOlwvXC93d3cucHJvZ2V0dGlmb3RvZ3JhZmljaS5jb21cL3dwLWNvbnRlbnRcL3VwbG9hZHNcLzIwMjBcLzAxXC92aWxsYS1hdXJhLWRlbC1sYWdvLXZpZXcuanBnIiwic2xpZGVzaG93IjoiZWVlY2NiNSJ9\">\n\t\t\t\t\t<div class=\"e-gallery-image elementor-gallery-item__image\" data-thumbnail=\"https:\/\/www.progettifotografici.com\/wp-content\/uploads\/2020\/01\/villa-aura-del-lago-view-722x481.jpg\" data-width=\"722\" data-height=\"481\" aria-label=\"View of Lake Como with a sailing boat from Villa Aura del Lago.\" role=\"img\" ><\/div>\n\t\t\t\t\t\t\t\t\t\t\t\t\t\t<\/a>\n\t\t\t\t\t\t\t<a class=\"e-gallery-item elementor-gallery-item\" href=\"https:\/\/www.progettifotografici.com\/wp-content\/uploads\/2020\/01\/villa-aura-del-lago-wedding-dinner.jpg\" data-elementor-open-lightbox=\"yes\" data-elementor-lightbox-slideshow=\"eeeccb5\" data-e-action-hash=\"#elementor-action%3Aaction%3Dlightbox%26settings%3DeyJpZCI6NDU1MDUsInVybCI6Imh0dHBzOlwvXC93d3cucHJvZ2V0dGlmb3RvZ3JhZmljaS5jb21cL3dwLWNvbnRlbnRcL3VwbG9hZHNcLzIwMjBcLzAxXC92aWxsYS1hdXJhLWRlbC1sYWdvLXdlZGRpbmctZGlubmVyLmpwZyIsInNsaWRlc2hvdyI6ImVlZWNjYjUifQ%3D%3D\">\n\t\t\t\t\t<div class=\"e-gallery-image elementor-gallery-item__image\" data-thumbnail=\"https:\/\/www.progettifotografici.com\/wp-content\/uploads\/2020\/01\/villa-aura-del-lago-wedding-dinner-722x481.jpg\" data-width=\"722\" data-height=\"481\" aria-label=\"The entrance of the bride and groom at the wedding dinner.\" role=\"img\" ><\/div>\n\t\t\t\t\t\t\t\t\t\t\t\t\t\t<\/a>\n\t\t\t\t\t\t\t<a class=\"e-gallery-item elementor-gallery-item\" href=\"https:\/\/www.progettifotografici.com\/wp-content\/uploads\/2020\/01\/villa-aura-del-lago-wedding-soap-bubbles.jpg\" data-elementor-open-lightbox=\"yes\" data-elementor-lightbox-slideshow=\"eeeccb5\" data-e-action-hash=\"#elementor-action%3Aaction%3Dlightbox%26settings%3DeyJpZCI6NDU1MDksInVybCI6Imh0dHBzOlwvXC93d3cucHJvZ2V0dGlmb3RvZ3JhZmljaS5jb21cL3dwLWNvbnRlbnRcL3VwbG9hZHNcLzIwMjBcLzAxXC92aWxsYS1hdXJhLWRlbC1sYWdvLXdlZGRpbmctc29hcC1idWJibGVzLmpwZyIsInNsaWRlc2hvdyI6ImVlZWNjYjUifQ%3D%3D\">\n\t\t\t\t\t<div class=\"e-gallery-image elementor-gallery-item__image\" data-thumbnail=\"https:\/\/www.progettifotografici.com\/wp-content\/uploads\/2020\/01\/villa-aura-del-lago-wedding-soap-bubbles-722x481.jpg\" data-width=\"722\" data-height=\"481\" aria-label=\"The group of children playing with big soap bubbles.\" role=\"img\" ><\/div>\n\t\t\t\t\t\t\t\t\t\t\t\t\t\t<\/a>\n\t\t\t\t\t\t\t<a class=\"e-gallery-item elementor-gallery-item\" href=\"https:\/\/www.progettifotografici.com\/wp-content\/uploads\/2020\/01\/villa-aura-del-lago-soap-bubbles.jpg\" data-elementor-open-lightbox=\"yes\" data-elementor-lightbox-slideshow=\"eeeccb5\" data-e-action-hash=\"#elementor-action%3Aaction%3Dlightbox%26settings%3DeyJpZCI6NDU1MTEsInVybCI6Imh0dHBzOlwvXC93d3cucHJvZ2V0dGlmb3RvZ3JhZmljaS5jb21cL3dwLWNvbnRlbnRcL3VwbG9hZHNcLzIwMjBcLzAxXC92aWxsYS1hdXJhLWRlbC1sYWdvLXNvYXAtYnViYmxlcy5qcGciLCJzbGlkZXNob3ciOiJlZWVjY2I1In0%3D\">\n\t\t\t\t\t<div class=\"e-gallery-image elementor-gallery-item__image\" data-thumbnail=\"https:\/\/www.progettifotografici.com\/wp-content\/uploads\/2020\/01\/villa-aura-del-lago-soap-bubbles-722x481.jpg\" data-width=\"722\" data-height=\"481\" aria-label=\"Other kids playing with the soap bubbles.\" role=\"img\" ><\/div>\n\t\t\t\t\t\t\t\t\t\t\t\t\t\t<\/a>\n\t\t\t\t\t\t\t<a class=\"e-gallery-item elementor-gallery-item\" href=\"https:\/\/www.progettifotografici.com\/wp-content\/uploads\/2020\/08\/villa-aura-del-lago-wedding-dinner.jpg\" data-elementor-open-lightbox=\"yes\" data-elementor-lightbox-slideshow=\"eeeccb5\" data-e-action-hash=\"#elementor-action%3Aaction%3Dlightbox%26settings%3DeyJpZCI6NDU2NjYsInVybCI6Imh0dHBzOlwvXC93d3cucHJvZ2V0dGlmb3RvZ3JhZmljaS5jb21cL3dwLWNvbnRlbnRcL3VwbG9hZHNcLzIwMjBcLzA4XC92aWxsYS1hdXJhLWRlbC1sYWdvLXdlZGRpbmctZGlubmVyLmpwZyIsInNsaWRlc2hvdyI6ImVlZWNjYjUifQ%3D%3D\">\n\t\t\t\t\t<div class=\"e-gallery-image elementor-gallery-item__image\" data-thumbnail=\"https:\/\/www.progettifotografici.com\/wp-content\/uploads\/2020\/08\/villa-aura-del-lago-wedding-dinner-722x481.jpg\" data-width=\"722\" data-height=\"481\" aria-label=\"The wedding dinner with the lake view at Villa Aura del Lago.\" role=\"img\" ><\/div>\n\t\t\t\t\t\t\t\t\t\t\t\t\t\t<\/a>\n\t\t\t\t\t\t\t<a class=\"e-gallery-item elementor-gallery-item\" href=\"https:\/\/www.progettifotografici.com\/wp-content\/uploads\/2020\/08\/villa-aura-del-lago-wedding-photoshoot.jpg\" data-elementor-open-lightbox=\"yes\" data-elementor-lightbox-slideshow=\"eeeccb5\" data-e-action-hash=\"#elementor-action%3Aaction%3Dlightbox%26settings%3DeyJpZCI6NDU3NTQsInVybCI6Imh0dHBzOlwvXC93d3cucHJvZ2V0dGlmb3RvZ3JhZmljaS5jb21cL3dwLWNvbnRlbnRcL3VwbG9hZHNcLzIwMjBcLzA4XC92aWxsYS1hdXJhLWRlbC1sYWdvLXdlZGRpbmctcGhvdG9zaG9vdC5qcGciLCJzbGlkZXNob3ciOiJlZWVjY2I1In0%3D\">\n\t\t\t\t\t<div class=\"e-gallery-image elementor-gallery-item__image\" data-thumbnail=\"https:\/\/www.progettifotografici.com\/wp-content\/uploads\/2020\/08\/villa-aura-del-lago-wedding-photoshoot-722x481.jpg\" data-width=\"722\" data-height=\"481\" aria-label=\"Wedding photoshoot at the sunset. Perfect light on the couple.\" role=\"img\" ><\/div>\n\t\t\t\t\t\t\t\t\t\t\t\t\t\t<\/a>\n\t\t\t\t\t\t\t<a class=\"e-gallery-item elementor-gallery-item\" href=\"https:\/\/www.progettifotografici.com\/wp-content\/uploads\/2020\/08\/villa-aura-del-lago-wedding-photographer.jpg\" data-elementor-open-lightbox=\"yes\" data-elementor-lightbox-slideshow=\"eeeccb5\" data-e-action-hash=\"#elementor-action%3Aaction%3Dlightbox%26settings%3DeyJpZCI6NDU3NTcsInVybCI6Imh0dHBzOlwvXC93d3cucHJvZ2V0dGlmb3RvZ3JhZmljaS5jb21cL3dwLWNvbnRlbnRcL3VwbG9hZHNcLzIwMjBcLzA4XC92aWxsYS1hdXJhLWRlbC1sYWdvLXdlZGRpbmctcGhvdG9ncmFwaGVyLmpwZyIsInNsaWRlc2hvdyI6ImVlZWNjYjUifQ%3D%3D\">\n\t\t\t\t\t<div class=\"e-gallery-image elementor-gallery-item__image\" data-thumbnail=\"https:\/\/www.progettifotografici.com\/wp-content\/uploads\/2020\/08\/villa-aura-del-lago-wedding-photographer-722x481.jpg\" data-width=\"722\" data-height=\"481\" aria-label=\"Sunset photoshoot at Villa Aura del Lago. A closer frame from the other side.\" role=\"img\" ><\/div>\n\t\t\t\t\t\t\t\t\t\t\t\t\t\t<\/a>\n\t\t\t\t\t\t\t<a class=\"e-gallery-item elementor-gallery-item\" href=\"https:\/\/www.progettifotografici.com\/wp-content\/uploads\/2020\/01\/villa-aura-del-lago-photographer.jpg\" data-elementor-open-lightbox=\"yes\" data-elementor-lightbox-slideshow=\"eeeccb5\" data-e-action-hash=\"#elementor-action%3Aaction%3Dlightbox%26settings%3DeyJpZCI6NDU1MTcsInVybCI6Imh0dHBzOlwvXC93d3cucHJvZ2V0dGlmb3RvZ3JhZmljaS5jb21cL3dwLWNvbnRlbnRcL3VwbG9hZHNcLzIwMjBcLzAxXC92aWxsYS1hdXJhLWRlbC1sYWdvLXBob3RvZ3JhcGhlci5qcGciLCJzbGlkZXNob3ciOiJlZWVjY2I1In0%3D\">\n\t\t\t\t\t<div class=\"e-gallery-image elementor-gallery-item__image\" data-thumbnail=\"https:\/\/www.progettifotografici.com\/wp-content\/uploads\/2020\/01\/villa-aura-del-lago-photographer-722x481.jpg\" data-width=\"722\" data-height=\"481\" aria-label=\"Sunset photoshoot with the photographer at Villa Aura del Lago. The bride and groom are on the round balcony of the villa.\" role=\"img\" ><\/div>\n\t\t\t\t\t\t\t\t\t\t\t\t\t\t<\/a>\n\t\t\t\t\t\t\t<a class=\"e-gallery-item elementor-gallery-item\" href=\"https:\/\/www.progettifotografici.com\/wp-content\/uploads\/2020\/01\/villa-aura-del-lago-cutting-of-the-cake.jpg\" data-elementor-open-lightbox=\"yes\" data-elementor-lightbox-slideshow=\"eeeccb5\" data-e-action-hash=\"#elementor-action%3Aaction%3Dlightbox%26settings%3DeyJpZCI6NDU1MjUsInVybCI6Imh0dHBzOlwvXC93d3cucHJvZ2V0dGlmb3RvZ3JhZmljaS5jb21cL3dwLWNvbnRlbnRcL3VwbG9hZHNcLzIwMjBcLzAxXC92aWxsYS1hdXJhLWRlbC1sYWdvLWN1dHRpbmctb2YtdGhlLWNha2UuanBnIiwic2xpZGVzaG93IjoiZWVlY2NiNSJ9\">\n\t\t\t\t\t<div class=\"e-gallery-image elementor-gallery-item__image\" data-thumbnail=\"https:\/\/www.progettifotografici.com\/wp-content\/uploads\/2020\/01\/villa-aura-del-lago-cutting-of-the-cake-722x481.jpg\" data-width=\"722\" data-height=\"481\" aria-label=\"The cutting of the cake at the round balcony of Villa Aura del Lago.\" role=\"img\" ><\/div>\n\t\t\t\t\t\t\t\t\t\t\t\t\t\t<\/a>\n\t\t\t\t\t\t\t<a class=\"e-gallery-item elementor-gallery-item\" href=\"https:\/\/www.progettifotografici.com\/wp-content\/uploads\/2020\/01\/villa-aura-del-lago-wedding-484mc.jpg\" data-elementor-open-lightbox=\"yes\" data-elementor-lightbox-slideshow=\"eeeccb5\" data-e-action-hash=\"#elementor-action%3Aaction%3Dlightbox%26settings%3DeyJpZCI6NDU1MjMsInVybCI6Imh0dHBzOlwvXC93d3cucHJvZ2V0dGlmb3RvZ3JhZmljaS5jb21cL3dwLWNvbnRlbnRcL3VwbG9hZHNcLzIwMjBcLzAxXC92aWxsYS1hdXJhLWRlbC1sYWdvLXdlZGRpbmctNDg0bWMuanBnIiwic2xpZGVzaG93IjoiZWVlY2NiNSJ9\">\n\t\t\t\t\t<div class=\"e-gallery-image elementor-gallery-item__image\" data-thumbnail=\"https:\/\/www.progettifotografici.com\/wp-content\/uploads\/2020\/01\/villa-aura-del-lago-wedding-484mc-722x481.jpg\" data-width=\"722\" data-height=\"481\" aria-label=\"The bride&#039;s grandparents. Candid image.\" role=\"img\" ><\/div>\n\t\t\t\t\t\t\t\t\t\t\t\t\t\t<\/a>\n\t\t\t\t\t\t\t<a class=\"e-gallery-item elementor-gallery-item\" href=\"https:\/\/www.progettifotografici.com\/wp-content\/uploads\/2020\/08\/villa-aura-del-lago-fotografo-matrimonio.jpg\" data-elementor-open-lightbox=\"yes\" data-elementor-lightbox-slideshow=\"eeeccb5\" data-e-action-hash=\"#elementor-action%3Aaction%3Dlightbox%26settings%3DeyJpZCI6NDU2MjIsInVybCI6Imh0dHBzOlwvXC93d3cucHJvZ2V0dGlmb3RvZ3JhZmljaS5jb21cL3dwLWNvbnRlbnRcL3VwbG9hZHNcLzIwMjBcLzA4XC92aWxsYS1hdXJhLWRlbC1sYWdvLWZvdG9ncmFmby1tYXRyaW1vbmlvLmpwZyIsInNsaWRlc2hvdyI6ImVlZWNjYjUifQ%3D%3D\">\n\t\t\t\t\t<div class=\"e-gallery-image elementor-gallery-item__image\" data-thumbnail=\"https:\/\/www.progettifotografici.com\/wp-content\/uploads\/2020\/08\/villa-aura-del-lago-fotografo-matrimonio-722x481.jpg\" data-width=\"722\" data-height=\"481\" aria-label=\"Villa Aura del Lago: a scene from a portrait session at the blue hour.\" role=\"img\" ><\/div>\n\t\t\t\t\t\t\t\t\t\t\t\t\t\t<\/a>\n\t\t\t\t\t\t\t<a class=\"e-gallery-item elementor-gallery-item\" href=\"https:\/\/www.progettifotografici.com\/wp-content\/uploads\/2020\/01\/villa-aura-del-lago-pool.jpg\" data-elementor-open-lightbox=\"yes\" data-elementor-lightbox-slideshow=\"eeeccb5\" data-e-action-hash=\"#elementor-action%3Aaction%3Dlightbox%26settings%3DeyJpZCI6NDU1NTEsInVybCI6Imh0dHBzOlwvXC93d3cucHJvZ2V0dGlmb3RvZ3JhZmljaS5jb21cL3dwLWNvbnRlbnRcL3VwbG9hZHNcLzIwMjBcLzAxXC92aWxsYS1hdXJhLWRlbC1sYWdvLXBvb2wuanBnIiwic2xpZGVzaG93IjoiZWVlY2NiNSJ9\">\n\t\t\t\t\t<div class=\"e-gallery-image elementor-gallery-item__image\" data-thumbnail=\"https:\/\/www.progettifotografici.com\/wp-content\/uploads\/2020\/01\/villa-aura-del-lago-pool-722x481.jpg\" data-width=\"722\" data-height=\"481\" aria-label=\"The reed thicket of the villa.\" role=\"img\" ><\/div>\n\t\t\t\t\t\t\t\t\t\t\t\t\t\t<\/a>\n\t\t\t\t\t\t\t<a class=\"e-gallery-item elementor-gallery-item\" href=\"https:\/\/www.progettifotografici.com\/wp-content\/uploads\/2020\/01\/villa-aura-del-lago-wedding-joyful-guests.jpg\" data-elementor-open-lightbox=\"yes\" data-elementor-lightbox-slideshow=\"eeeccb5\" data-e-action-hash=\"#elementor-action%3Aaction%3Dlightbox%26settings%3DeyJpZCI6NDU1MzEsInVybCI6Imh0dHBzOlwvXC93d3cucHJvZ2V0dGlmb3RvZ3JhZmljaS5jb21cL3dwLWNvbnRlbnRcL3VwbG9hZHNcLzIwMjBcLzAxXC92aWxsYS1hdXJhLWRlbC1sYWdvLXdlZGRpbmctam95ZnVsLWd1ZXN0cy5qcGciLCJzbGlkZXNob3ciOiJlZWVjY2I1In0%3D\">\n\t\t\t\t\t<div class=\"e-gallery-image elementor-gallery-item__image\" data-thumbnail=\"https:\/\/www.progettifotografici.com\/wp-content\/uploads\/2020\/01\/villa-aura-del-lago-wedding-joyful-guests-722x481.jpg\" data-width=\"722\" data-height=\"481\" aria-label=\"Guests looking at the dances.\" role=\"img\" ><\/div>\n\t\t\t\t\t\t\t\t\t\t\t\t\t\t<\/a>\n\t\t\t\t\t\t\t<a class=\"e-gallery-item elementor-gallery-item\" href=\"https:\/\/www.progettifotografici.com\/wp-content\/uploads\/2020\/01\/villa-aura-del-lago-first-dance.jpg\" data-elementor-open-lightbox=\"yes\" data-elementor-lightbox-slideshow=\"eeeccb5\" data-e-action-hash=\"#elementor-action%3Aaction%3Dlightbox%26settings%3DeyJpZCI6NDU1MjksInVybCI6Imh0dHBzOlwvXC93d3cucHJvZ2V0dGlmb3RvZ3JhZmljaS5jb21cL3dwLWNvbnRlbnRcL3VwbG9hZHNcLzIwMjBcLzAxXC92aWxsYS1hdXJhLWRlbC1sYWdvLWZpcnN0LWRhbmNlLmpwZyIsInNsaWRlc2hvdyI6ImVlZWNjYjUifQ%3D%3D\">\n\t\t\t\t\t<div class=\"e-gallery-image elementor-gallery-item__image\" data-thumbnail=\"https:\/\/www.progettifotografici.com\/wp-content\/uploads\/2020\/01\/villa-aura-del-lago-first-dance-722x481.jpg\" data-width=\"722\" data-height=\"481\" aria-label=\"The newlyweds first dance.\" role=\"img\" ><\/div>\n\t\t\t\t\t\t\t\t\t\t\t\t\t\t<\/a>\n\t\t\t\t\t\t\t<a class=\"e-gallery-item elementor-gallery-item\" href=\"https:\/\/www.progettifotografici.com\/wp-content\/uploads\/2020\/01\/villa-aura-del-lago-bride-groom-dancing.jpg\" data-elementor-open-lightbox=\"yes\" data-elementor-lightbox-slideshow=\"eeeccb5\" data-e-action-hash=\"#elementor-action%3Aaction%3Dlightbox%26settings%3DeyJpZCI6NDU1MzMsInVybCI6Imh0dHBzOlwvXC93d3cucHJvZ2V0dGlmb3RvZ3JhZmljaS5jb21cL3dwLWNvbnRlbnRcL3VwbG9hZHNcLzIwMjBcLzAxXC92aWxsYS1hdXJhLWRlbC1sYWdvLWJyaWRlLWdyb29tLWRhbmNpbmcuanBnIiwic2xpZGVzaG93IjoiZWVlY2NiNSJ9\">\n\t\t\t\t\t<div class=\"e-gallery-image elementor-gallery-item__image\" data-thumbnail=\"https:\/\/www.progettifotografici.com\/wp-content\/uploads\/2020\/01\/villa-aura-del-lago-bride-groom-dancing-722x481.jpg\" data-width=\"722\" data-height=\"481\" aria-label=\"The first dance.\" role=\"img\" ><\/div>\n\t\t\t\t\t\t\t\t\t\t\t\t\t\t<\/a>\n\t\t\t\t\t\t\t<a class=\"e-gallery-item elementor-gallery-item\" href=\"https:\/\/www.progettifotografici.com\/wp-content\/uploads\/2020\/01\/villa-aura-del-lago-music-band.jpg\" data-elementor-open-lightbox=\"yes\" data-elementor-lightbox-slideshow=\"eeeccb5\" data-e-action-hash=\"#elementor-action%3Aaction%3Dlightbox%26settings%3DeyJpZCI6NDU1MzUsInVybCI6Imh0dHBzOlwvXC93d3cucHJvZ2V0dGlmb3RvZ3JhZmljaS5jb21cL3dwLWNvbnRlbnRcL3VwbG9hZHNcLzIwMjBcLzAxXC92aWxsYS1hdXJhLWRlbC1sYWdvLW11c2ljLWJhbmQuanBnIiwic2xpZGVzaG93IjoiZWVlY2NiNSJ9\">\n\t\t\t\t\t<div class=\"e-gallery-image elementor-gallery-item__image\" data-thumbnail=\"https:\/\/www.progettifotografici.com\/wp-content\/uploads\/2020\/01\/villa-aura-del-lago-music-band-722x481.jpg\" data-width=\"722\" data-height=\"481\" aria-label=\"The musicians.\" role=\"img\" ><\/div>\n\t\t\t\t\t\t\t\t\t\t\t\t\t\t<\/a>\n\t\t\t\t\t\t\t<a class=\"e-gallery-item elementor-gallery-item\" href=\"https:\/\/www.progettifotografici.com\/wp-content\/uploads\/2020\/01\/villa-aura-del-lago-wedding-party.jpg\" data-elementor-open-lightbox=\"yes\" data-elementor-lightbox-slideshow=\"eeeccb5\" data-e-action-hash=\"#elementor-action%3Aaction%3Dlightbox%26settings%3DeyJpZCI6NDU1NDEsInVybCI6Imh0dHBzOlwvXC93d3cucHJvZ2V0dGlmb3RvZ3JhZmljaS5jb21cL3dwLWNvbnRlbnRcL3VwbG9hZHNcLzIwMjBcLzAxXC92aWxsYS1hdXJhLWRlbC1sYWdvLXdlZGRpbmctcGFydHkuanBnIiwic2xpZGVzaG93IjoiZWVlY2NiNSJ9\">\n\t\t\t\t\t<div class=\"e-gallery-image elementor-gallery-item__image\" data-thumbnail=\"https:\/\/www.progettifotografici.com\/wp-content\/uploads\/2020\/01\/villa-aura-del-lago-wedding-party-722x481.jpg\" data-width=\"722\" data-height=\"481\" aria-label=\"A scene of the dances.\" role=\"img\" ><\/div>\n\t\t\t\t\t\t\t\t\t\t\t\t\t\t<\/a>\n\t\t\t\t\t\t\t<a class=\"e-gallery-item elementor-gallery-item\" href=\"https:\/\/www.progettifotografici.com\/wp-content\/uploads\/2020\/01\/villa-aura-del-lago-dances-main-hall-photographer.jpg\" data-elementor-open-lightbox=\"yes\" data-elementor-lightbox-slideshow=\"eeeccb5\" data-e-action-hash=\"#elementor-action%3Aaction%3Dlightbox%26settings%3DeyJpZCI6NDU1NDMsInVybCI6Imh0dHBzOlwvXC93d3cucHJvZ2V0dGlmb3RvZ3JhZmljaS5jb21cL3dwLWNvbnRlbnRcL3VwbG9hZHNcLzIwMjBcLzAxXC92aWxsYS1hdXJhLWRlbC1sYWdvLWRhbmNlcy1tYWluLWhhbGwtcGhvdG9ncmFwaGVyLmpwZyIsInNsaWRlc2hvdyI6ImVlZWNjYjUifQ%3D%3D\">\n\t\t\t\t\t<div class=\"e-gallery-image elementor-gallery-item__image\" data-thumbnail=\"https:\/\/www.progettifotografici.com\/wp-content\/uploads\/2020\/01\/villa-aura-del-lago-dances-main-hall-photographer-722x481.jpg\" data-width=\"722\" data-height=\"481\" aria-label=\"The bride with some guests during the dances.\" role=\"img\" ><\/div>\n\t\t\t\t\t\t\t\t\t\t\t\t\t\t<\/a>\n\t\t\t\t\t\t\t<a class=\"e-gallery-item elementor-gallery-item\" href=\"https:\/\/www.progettifotografici.com\/wp-content\/uploads\/2020\/01\/villa-aura-del-lago-wedding-dances.jpg\" data-elementor-open-lightbox=\"yes\" data-elementor-lightbox-slideshow=\"eeeccb5\" data-e-action-hash=\"#elementor-action%3Aaction%3Dlightbox%26settings%3DeyJpZCI6NDU1MzksInVybCI6Imh0dHBzOlwvXC93d3cucHJvZ2V0dGlmb3RvZ3JhZmljaS5jb21cL3dwLWNvbnRlbnRcL3VwbG9hZHNcLzIwMjBcLzAxXC92aWxsYS1hdXJhLWRlbC1sYWdvLXdlZGRpbmctZGFuY2VzLmpwZyIsInNsaWRlc2hvdyI6ImVlZWNjYjUifQ%3D%3D\">\n\t\t\t\t\t<div class=\"e-gallery-image elementor-gallery-item__image\" data-thumbnail=\"https:\/\/www.progettifotografici.com\/wp-content\/uploads\/2020\/01\/villa-aura-del-lago-wedding-dances-722x481.jpg\" data-width=\"722\" data-height=\"481\" aria-label=\"The groom joyfully dancing.\" role=\"img\" ><\/div>\n\t\t\t\t\t\t\t\t\t\t\t\t\t\t<\/a>\n\t\t\t\t\t\t\t<a class=\"e-gallery-item elementor-gallery-item\" href=\"https:\/\/www.progettifotografici.com\/wp-content\/uploads\/2020\/01\/616lr.jpg\" data-elementor-open-lightbox=\"yes\" data-elementor-lightbox-slideshow=\"eeeccb5\" data-e-action-hash=\"#elementor-action%3Aaction%3Dlightbox%26settings%3DeyJpZCI6NDU1MzcsInVybCI6Imh0dHBzOlwvXC93d3cucHJvZ2V0dGlmb3RvZ3JhZmljaS5jb21cL3dwLWNvbnRlbnRcL3VwbG9hZHNcLzIwMjBcLzAxXC82MTZsci5qcGciLCJzbGlkZXNob3ciOiJlZWVjY2I1In0%3D\">\n\t\t\t\t\t<div class=\"e-gallery-image elementor-gallery-item__image\" data-thumbnail=\"https:\/\/www.progettifotografici.com\/wp-content\/uploads\/2020\/01\/616lr-722x481.jpg\" data-width=\"722\" data-height=\"481\" aria-label=\"\" role=\"img\" ><\/div>\n\t\t\t\t\t\t\t\t\t\t\t\t\t\t<\/a>\n\t\t\t\t\t\t\t<a class=\"e-gallery-item elementor-gallery-item\" href=\"https:\/\/www.progettifotografici.com\/wp-content\/uploads\/2020\/01\/villa-aura-del-lago-dances.jpg\" data-elementor-open-lightbox=\"yes\" data-elementor-lightbox-slideshow=\"eeeccb5\" data-e-action-hash=\"#elementor-action%3Aaction%3Dlightbox%26settings%3DeyJpZCI6NDU1NjUsInVybCI6Imh0dHBzOlwvXC93d3cucHJvZ2V0dGlmb3RvZ3JhZmljaS5jb21cL3dwLWNvbnRlbnRcL3VwbG9hZHNcLzIwMjBcLzAxXC92aWxsYS1hdXJhLWRlbC1sYWdvLWRhbmNlcy5qcGciLCJzbGlkZXNob3ciOiJlZWVjY2I1In0%3D\">\n\t\t\t\t\t<div class=\"e-gallery-image elementor-gallery-item__image\" data-thumbnail=\"https:\/\/www.progettifotografici.com\/wp-content\/uploads\/2020\/01\/villa-aura-del-lago-dances-722x481.jpg\" data-width=\"722\" data-height=\"481\" aria-label=\"The bride and groom dancing together.\" role=\"img\" ><\/div>\n\t\t\t\t\t\t\t\t\t\t\t\t\t\t<\/a>\n\t\t\t\t\t\t\t<a class=\"e-gallery-item elementor-gallery-item\" href=\"https:\/\/www.progettifotografici.com\/wp-content\/uploads\/2020\/01\/villa-aura-del-lago-newlyweds-dance.jpg\" data-elementor-open-lightbox=\"yes\" data-elementor-lightbox-slideshow=\"eeeccb5\" data-e-action-hash=\"#elementor-action%3Aaction%3Dlightbox%26settings%3DeyJpZCI6NDU1NTMsInVybCI6Imh0dHBzOlwvXC93d3cucHJvZ2V0dGlmb3RvZ3JhZmljaS5jb21cL3dwLWNvbnRlbnRcL3VwbG9hZHNcLzIwMjBcLzAxXC92aWxsYS1hdXJhLWRlbC1sYWdvLW5ld2x5d2Vkcy1kYW5jZS5qcGciLCJzbGlkZXNob3ciOiJlZWVjY2I1In0%3D\">\n\t\t\t\t\t<div class=\"e-gallery-image elementor-gallery-item__image\" data-thumbnail=\"https:\/\/www.progettifotografici.com\/wp-content\/uploads\/2020\/01\/villa-aura-del-lago-newlyweds-dance-722x481.jpg\" data-width=\"722\" data-height=\"481\" aria-label=\"The bride and groom dancing.\" role=\"img\" ><\/div>\n\t\t\t\t\t\t\t\t\t\t\t\t\t\t<\/a>\n\t\t\t\t\t\t\t<a class=\"e-gallery-item elementor-gallery-item\" href=\"https:\/\/www.progettifotografici.com\/wp-content\/uploads\/2020\/01\/villa-aura-del-lago-dances-main-hall.jpg\" data-elementor-open-lightbox=\"yes\" data-elementor-lightbox-slideshow=\"eeeccb5\" data-e-action-hash=\"#elementor-action%3Aaction%3Dlightbox%26settings%3DeyJpZCI6NDU1NTUsInVybCI6Imh0dHBzOlwvXC93d3cucHJvZ2V0dGlmb3RvZ3JhZmljaS5jb21cL3dwLWNvbnRlbnRcL3VwbG9hZHNcLzIwMjBcLzAxXC92aWxsYS1hdXJhLWRlbC1sYWdvLWRhbmNlcy1tYWluLWhhbGwuanBnIiwic2xpZGVzaG93IjoiZWVlY2NiNSJ9\">\n\t\t\t\t\t<div class=\"e-gallery-image elementor-gallery-item__image\" data-thumbnail=\"https:\/\/www.progettifotografici.com\/wp-content\/uploads\/2020\/01\/villa-aura-del-lago-dances-main-hall-722x481.jpg\" data-width=\"722\" data-height=\"481\" aria-label=\"The bride and groom dancing. Joyful images.\" role=\"img\" ><\/div>\n\t\t\t\t\t\t\t\t\t\t\t\t\t\t<\/a>\n\t\t\t\t\t\t\t<a class=\"e-gallery-item elementor-gallery-item\" href=\"https:\/\/www.progettifotografici.com\/wp-content\/uploads\/2020\/01\/villa-aura-del-lago-couple-dancing.jpg\" data-elementor-open-lightbox=\"yes\" data-elementor-lightbox-slideshow=\"eeeccb5\" data-e-action-hash=\"#elementor-action%3Aaction%3Dlightbox%26settings%3DeyJpZCI6NDU1NTcsInVybCI6Imh0dHBzOlwvXC93d3cucHJvZ2V0dGlmb3RvZ3JhZmljaS5jb21cL3dwLWNvbnRlbnRcL3VwbG9hZHNcLzIwMjBcLzAxXC92aWxsYS1hdXJhLWRlbC1sYWdvLWNvdXBsZS1kYW5jaW5nLmpwZyIsInNsaWRlc2hvdyI6ImVlZWNjYjUifQ%3D%3D\">\n\t\t\t\t\t<div class=\"e-gallery-image elementor-gallery-item__image\" data-thumbnail=\"https:\/\/www.progettifotografici.com\/wp-content\/uploads\/2020\/01\/villa-aura-del-lago-couple-dancing-722x481.jpg\" data-width=\"722\" data-height=\"481\" aria-label=\"The last image from the dances.\" role=\"img\" ><\/div>\n\t\t\t\t\t\t\t\t\t\t\t\t\t\t<\/a>\n\t\t\t\t\t\t\t<a class=\"e-gallery-item elementor-gallery-item\" href=\"https:\/\/www.progettifotografici.com\/wp-content\/uploads\/2020\/01\/villa-aura-del-lago-at-night.jpg\" data-elementor-open-lightbox=\"yes\" data-elementor-lightbox-slideshow=\"eeeccb5\" data-e-action-hash=\"#elementor-action%3Aaction%3Dlightbox%26settings%3DeyJpZCI6NDU1NjMsInVybCI6Imh0dHBzOlwvXC93d3cucHJvZ2V0dGlmb3RvZ3JhZmljaS5jb21cL3dwLWNvbnRlbnRcL3VwbG9hZHNcLzIwMjBcLzAxXC92aWxsYS1hdXJhLWRlbC1sYWdvLWF0LW5pZ2h0LmpwZyIsInNsaWRlc2hvdyI6ImVlZWNjYjUifQ%3D%3D\">\n\t\t\t\t\t<div class=\"e-gallery-image elementor-gallery-item__image\" data-thumbnail=\"https:\/\/www.progettifotografici.com\/wp-content\/uploads\/2020\/01\/villa-aura-del-lago-at-night-722x481.jpg\" data-width=\"722\" data-height=\"481\" aria-label=\"Villa Aura del Lago by night.\" role=\"img\" ><\/div>\n\t\t\t\t\t\t\t\t\t\t\t\t\t\t<\/a>\n\t\t\t\t\t\t\t<a class=\"e-gallery-item elementor-gallery-item\" href=\"https:\/\/www.progettifotografici.com\/wp-content\/uploads\/2020\/08\/night.jpg\" data-elementor-open-lightbox=\"yes\" data-elementor-lightbox-slideshow=\"eeeccb5\" data-e-action-hash=\"#elementor-action%3Aaction%3Dlightbox%26settings%3DeyJpZCI6NDU1NzAsInVybCI6Imh0dHBzOlwvXC93d3cucHJvZ2V0dGlmb3RvZ3JhZmljaS5jb21cL3dwLWNvbnRlbnRcL3VwbG9hZHNcLzIwMjBcLzA4XC9uaWdodC5qcGciLCJzbGlkZXNob3ciOiJlZWVjY2I1In0%3D\">\n\t\t\t\t\t<div class=\"e-gallery-image elementor-gallery-item__image\" data-thumbnail=\"https:\/\/www.progettifotografici.com\/wp-content\/uploads\/2020\/08\/night-722x481.jpg\" data-width=\"722\" data-height=\"481\" aria-label=\"Lake Como by night.\" role=\"img\" ><\/div>\n\t\t\t\t\t\t\t\t\t\t\t\t\t\t<\/a>\n\t\t\t\t\t\t\t<a class=\"e-gallery-item elementor-gallery-item\" href=\"https:\/\/www.progettifotografici.com\/wp-content\/uploads\/2020\/01\/villa-aura-del-lago-thunderstorm.jpg\" data-elementor-open-lightbox=\"yes\" data-elementor-lightbox-slideshow=\"eeeccb5\" data-e-action-hash=\"#elementor-action%3Aaction%3Dlightbox%26settings%3DeyJpZCI6NDU1NDksInVybCI6Imh0dHBzOlwvXC93d3cucHJvZ2V0dGlmb3RvZ3JhZmljaS5jb21cL3dwLWNvbnRlbnRcL3VwbG9hZHNcLzIwMjBcLzAxXC92aWxsYS1hdXJhLWRlbC1sYWdvLXRodW5kZXJzdG9ybS5qcGciLCJzbGlkZXNob3ciOiJlZWVjY2I1In0%3D\">\n\t\t\t\t\t<div class=\"e-gallery-image elementor-gallery-item__image\" data-thumbnail=\"https:\/\/www.progettifotografici.com\/wp-content\/uploads\/2020\/01\/villa-aura-del-lago-thunderstorm-722x481.jpg\" data-width=\"722\" data-height=\"481\" aria-label=\"Thunderstorm on Lake Como seen form Villa Aura del Lago.\" role=\"img\" ><\/div>\n\t\t\t\t\t\t\t\t\t\t\t\t\t\t<\/a>\n\t\t\t\t\t\t\t<a class=\"e-gallery-item elementor-gallery-item\" href=\"https:\/\/www.progettifotografici.com\/wp-content\/uploads\/2020\/01\/villa-aura-del-lago-wedding-late-night.jpg\" data-elementor-open-lightbox=\"yes\" data-elementor-lightbox-slideshow=\"eeeccb5\" data-e-action-hash=\"#elementor-action%3Aaction%3Dlightbox%26settings%3DeyJpZCI6NDU1NTksInVybCI6Imh0dHBzOlwvXC93d3cucHJvZ2V0dGlmb3RvZ3JhZmljaS5jb21cL3dwLWNvbnRlbnRcL3VwbG9hZHNcLzIwMjBcLzAxXC92aWxsYS1hdXJhLWRlbC1sYWdvLXdlZGRpbmctbGF0ZS1uaWdodC5qcGciLCJzbGlkZXNob3ciOiJlZWVjY2I1In0%3D\">\n\t\t\t\t\t<div class=\"e-gallery-image elementor-gallery-item__image\" data-thumbnail=\"https:\/\/www.progettifotografici.com\/wp-content\/uploads\/2020\/01\/villa-aura-del-lago-wedding-late-night-722x481.jpg\" data-width=\"722\" data-height=\"481\" aria-label=\"The bride and groom at the end of the wedding reception are in the company of some guests.\" role=\"img\" ><\/div>\n\t\t\t\t\t\t\t\t\t\t\t\t\t\t<\/a>\n\t\t\t\t\t<\/div>\n\t\t\t\t\t<\/div>\n\t\t\t\t<\/div>\n\t\t\t\t<div class=\"elementor-element elementor-element-53eb0a2 elementor-widget-divider--view-line elementor-widget elementor-widget-divider\" data-id=\"53eb0a2\" data-element_type=\"widget\" data-e-type=\"widget\" data-widget_type=\"divider.default\">\n\t\t\t\t<div class=\"elementor-widget-container\">\n\t\t\t\t\t\t\t<div class=\"elementor-divider\">\n\t\t\t<span class=\"elementor-divider-separator\">\n\t\t\t\t\t\t<\/span>\n\t\t<\/div>\n\t\t\t\t\t\t<\/div>\n\t\t\t\t<\/div>\n\t\t\t\t<div class=\"elementor-element elementor-element-55e8b98 elementor-widget elementor-widget-heading\" data-id=\"55e8b98\" data-element_type=\"widget\" data-e-type=\"widget\" data-widget_type=\"heading.default\">\n\t\t\t\t<div class=\"elementor-widget-container\">\n\t\t\t\t\t<h2 class=\"elementor-heading-title elementor-size-default\">Religious ceremonies on Lake Como<\/h2>\t\t\t\t<\/div>\n\t\t\t\t<\/div>\n\t\t\t\t<div class=\"elementor-element elementor-element-2b1a1f4 elementor-widget elementor-widget-heading\" data-id=\"2b1a1f4\" data-element_type=\"widget\" data-e-type=\"widget\" data-widget_type=\"heading.default\">\n\t\t\t\t<div class=\"elementor-widget-container\">\n\t\t\t\t\t<h3 class=\"elementor-heading-title elementor-size-default\">Wedding celebration at the Anglican Church<\/h3>\t\t\t\t<\/div>\n\t\t\t\t<\/div>\n\t\t\t\t<div class=\"elementor-element elementor-element-60c5012 elementor-widget elementor-widget-text-editor\" data-id=\"60c5012\" data-element_type=\"widget\" data-e-type=\"widget\" data-widget_type=\"text-editor.default\">\n\t\t\t\t<div class=\"elementor-widget-container\">\n\t\t\t\t\t\t\t\t\t<p>Da qualche anno, su tutto il Lago di Como \u00e8 difficile ottenere l&#8217;autorizzazione per la cerimonia cattolica, perch\u00e9 \u00e8 richiesto di sposarsi nella propria parrocchia.<br \/>Per chi \u00e8 di fede protestante, non lontano dalla villa c&#8217;\u00e8 la Chiesa Anglicana.<\/p><p>\/\/\/\/\/\/\/<br \/><br \/>For some years now, \u00a0it has been difficult to obtain authorization for the <strong>Catholic ceremony<\/strong> all over Lake Como, because it is required to get married in one&#8217;s own parish.<br \/>For those of the <strong>Protestant<\/strong> faith, not far from the villa is the <strong>Anglican Church<\/strong>.<\/p>\t\t\t\t\t\t\t\t<\/div>\n\t\t\t\t<\/div>\n\t\t\t\t<div class=\"elementor-element elementor-element-e577690 elementor-widget elementor-widget-image\" data-id=\"e577690\" data-element_type=\"widget\" data-e-type=\"widget\" data-widget_type=\"image.default\">\n\t\t\t\t<div class=\"elementor-widget-container\">\n\t\t\t\t\t\t\t\t\t\t\t\t\t\t\t\t<a href=\"https:\/\/www.progettifotografici.com\/wp-content\/uploads\/2020\/01\/0274__selkirk156lr-1.jpg\" data-elementor-open-lightbox=\"yes\" data-e-action-hash=\"#elementor-action%3Aaction%3Dlightbox%26settings%3DeyJpZCI6NDU1OTEsInVybCI6Imh0dHBzOlwvXC93d3cucHJvZ2V0dGlmb3RvZ3JhZmljaS5jb21cL3dwLWNvbnRlbnRcL3VwbG9hZHNcLzIwMjBcLzAxXC9sYWtlLWNvbW8tYW5nbGljYW4tY2h1cmNoLXdlZGRpbmcuanBnIn0%3D\">\n\t\t\t\t\t\t\t<img loading=\"lazy\" decoding=\"async\" width=\"2240\" height=\"1493\" src=\"https:\/\/www.progettifotografici.com\/wp-content\/uploads\/2020\/01\/lake-como-anglican-church-wedding.jpg\" class=\"attachment-full size-full wp-image-45591\" alt=\"Wedding celebration at the Anglican Church of Cadenabbia.\" srcset=\"https:\/\/www.progettifotografici.com\/wp-content\/uploads\/2020\/01\/lake-como-anglican-church-wedding.jpg 2240w, https:\/\/www.progettifotografici.com\/wp-content\/uploads\/2020\/01\/lake-como-anglican-church-wedding-1080x720.jpg 1080w, https:\/\/www.progettifotografici.com\/wp-content\/uploads\/2020\/01\/lake-como-anglican-church-wedding-722x481.jpg 722w, https:\/\/www.progettifotografici.com\/wp-content\/uploads\/2020\/01\/lake-como-anglican-church-wedding-1536x1024.jpg 1536w, https:\/\/www.progettifotografici.com\/wp-content\/uploads\/2020\/01\/lake-como-anglican-church-wedding-2048x1365.jpg 2048w\" sizes=\"(max-width: 2240px) 100vw, 2240px\" \/>\t\t\t\t\t\t\t\t<\/a>\n\t\t\t\t\t\t\t\t\t\t\t\t\t\t\t<\/div>\n\t\t\t\t<\/div>\n\t\t\t\t<div class=\"elementor-element elementor-element-a2e4eb6 elementor-widget elementor-widget-gallery\" data-id=\"a2e4eb6\" data-element_type=\"widget\" data-e-type=\"widget\" data-settings=\"{&quot;columns_tablet&quot;:4,&quot;columns_mobile&quot;:2,&quot;gap&quot;:{&quot;unit&quot;:&quot;px&quot;,&quot;size&quot;:6,&quot;sizes&quot;:[]},&quot;gap_tablet&quot;:{&quot;unit&quot;:&quot;px&quot;,&quot;size&quot;:6,&quot;sizes&quot;:[]},&quot;gap_mobile&quot;:{&quot;unit&quot;:&quot;px&quot;,&quot;size&quot;:6,&quot;sizes&quot;:[]},&quot;lazyload&quot;:&quot;yes&quot;,&quot;gallery_layout&quot;:&quot;grid&quot;,&quot;columns&quot;:4,&quot;link_to&quot;:&quot;file&quot;,&quot;aspect_ratio&quot;:&quot;3:2&quot;}\" data-widget_type=\"gallery.default\">\n\t\t\t\t<div class=\"elementor-widget-container\">\n\t\t\t\t\t\t\t<div class=\"elementor-gallery__container\">\n\t\t\t\t\t\t\t<a class=\"e-gallery-item elementor-gallery-item\" href=\"https:\/\/www.progettifotografici.com\/wp-content\/uploads\/2020\/01\/anglican-church-cadenabbia.jpg\" data-elementor-open-lightbox=\"yes\" data-elementor-lightbox-slideshow=\"a2e4eb6\" data-e-action-hash=\"#elementor-action%3Aaction%3Dlightbox%26settings%3DeyJpZCI6NDU1OTMsInVybCI6Imh0dHBzOlwvXC93d3cucHJvZ2V0dGlmb3RvZ3JhZmljaS5jb21cL3dwLWNvbnRlbnRcL3VwbG9hZHNcLzIwMjBcLzAxXC9hbmdsaWNhbi1jaHVyY2gtY2FkZW5hYmJpYS5qcGciLCJzbGlkZXNob3ciOiJhMmU0ZWI2In0%3D\">\n\t\t\t\t\t<div class=\"e-gallery-image elementor-gallery-item__image\" data-thumbnail=\"https:\/\/www.progettifotografici.com\/wp-content\/uploads\/2020\/01\/anglican-church-cadenabbia-722x482.jpg\" data-width=\"722\" data-height=\"482\" aria-label=\"Two small statues are the caricatures of the Pope and Queen Elizabeth.\" role=\"img\" ><\/div>\n\t\t\t\t\t\t\t\t\t\t\t\t\t\t<\/a>\n\t\t\t\t\t\t\t<a class=\"e-gallery-item elementor-gallery-item\" href=\"https:\/\/www.progettifotografici.com\/wp-content\/uploads\/2020\/01\/wedding-lake-como-taxi-boat.jpg\" data-elementor-open-lightbox=\"yes\" data-elementor-lightbox-slideshow=\"a2e4eb6\" data-e-action-hash=\"#elementor-action%3Aaction%3Dlightbox%26settings%3DeyJpZCI6NDU1OTUsInVybCI6Imh0dHBzOlwvXC93d3cucHJvZ2V0dGlmb3RvZ3JhZmljaS5jb21cL3dwLWNvbnRlbnRcL3VwbG9hZHNcLzIwMjBcLzAxXC93ZWRkaW5nLWxha2UtY29tby10YXhpLWJvYXQuanBnIiwic2xpZGVzaG93IjoiYTJlNGViNiJ9\">\n\t\t\t\t\t<div class=\"e-gallery-image elementor-gallery-item__image\" data-thumbnail=\"https:\/\/www.progettifotografici.com\/wp-content\/uploads\/2020\/01\/wedding-lake-como-taxi-boat-722x481.jpg\" data-width=\"722\" data-height=\"481\" aria-label=\"Perfect sunset with the bride and groom going to Villa Aura del Lago on a taxi boat.\" role=\"img\" ><\/div>\n\t\t\t\t\t\t\t\t\t\t\t\t\t\t<\/a>\n\t\t\t\t\t\t\t<a class=\"e-gallery-item elementor-gallery-item\" href=\"https:\/\/www.progettifotografici.com\/wp-content\/uploads\/2020\/01\/villa-aura-del-lago-ice-cream-truck-wedding.jpg\" data-elementor-open-lightbox=\"yes\" data-elementor-lightbox-slideshow=\"a2e4eb6\" data-e-action-hash=\"#elementor-action%3Aaction%3Dlightbox%26settings%3DeyJpZCI6NDU1OTksInVybCI6Imh0dHBzOlwvXC93d3cucHJvZ2V0dGlmb3RvZ3JhZmljaS5jb21cL3dwLWNvbnRlbnRcL3VwbG9hZHNcLzIwMjBcLzAxXC92aWxsYS1hdXJhLWRlbC1sYWdvLWljZS1jcmVhbS10cnVjay13ZWRkaW5nLmpwZyIsInNsaWRlc2hvdyI6ImEyZTRlYjYifQ%3D%3D\">\n\t\t\t\t\t<div class=\"e-gallery-image elementor-gallery-item__image\" data-thumbnail=\"https:\/\/www.progettifotografici.com\/wp-content\/uploads\/2020\/01\/villa-aura-del-lago-ice-cream-truck-wedding-722x481.jpg\" data-width=\"722\" data-height=\"481\" aria-label=\"Wedding at the villa: the ice-cream man and his ice cream truck.\" role=\"img\" ><\/div>\n\t\t\t\t\t\t\t\t\t\t\t\t\t\t<\/a>\n\t\t\t\t\t\t\t<a class=\"e-gallery-item elementor-gallery-item\" href=\"https:\/\/www.progettifotografici.com\/wp-content\/uploads\/2020\/01\/villa-aura-del-lago-pier.jpg\" data-elementor-open-lightbox=\"yes\" data-elementor-lightbox-slideshow=\"a2e4eb6\" data-e-action-hash=\"#elementor-action%3Aaction%3Dlightbox%26settings%3DeyJpZCI6NDU1OTcsInVybCI6Imh0dHBzOlwvXC93d3cucHJvZ2V0dGlmb3RvZ3JhZmljaS5jb21cL3dwLWNvbnRlbnRcL3VwbG9hZHNcLzIwMjBcLzAxXC92aWxsYS1hdXJhLWRlbC1sYWdvLXBpZXIuanBnIiwic2xpZGVzaG93IjoiYTJlNGViNiJ9\">\n\t\t\t\t\t<div class=\"e-gallery-image elementor-gallery-item__image\" data-thumbnail=\"https:\/\/www.progettifotografici.com\/wp-content\/uploads\/2020\/01\/villa-aura-del-lago-pier-722x481.jpg\" data-width=\"722\" data-height=\"481\" aria-label=\"The couple is barefoot on the pier, framed image with legs and feet.\" role=\"img\" ><\/div>\n\t\t\t\t\t\t\t\t\t\t\t\t\t\t<\/a>\n\t\t\t\t\t<\/div>\n\t\t\t\t\t<\/div>\n\t\t\t\t<\/div>\n\t\t\t\t<div class=\"elementor-element elementor-element-c274039 elementor-widget-divider--view-line elementor-widget elementor-widget-divider\" data-id=\"c274039\" data-element_type=\"widget\" data-e-type=\"widget\" data-widget_type=\"divider.default\">\n\t\t\t\t<div class=\"elementor-widget-container\">\n\t\t\t\t\t\t\t<div class=\"elementor-divider\">\n\t\t\t<span class=\"elementor-divider-separator\">\n\t\t\t\t\t\t<\/span>\n\t\t<\/div>\n\t\t\t\t\t\t<\/div>\n\t\t\t\t<\/div>\n\t\t\t\t<div class=\"elementor-element elementor-element-dfd45cc elementor-widget elementor-widget-heading\" data-id=\"dfd45cc\" data-element_type=\"widget\" data-e-type=\"widget\" data-widget_type=\"heading.default\">\n\t\t\t\t<div class=\"elementor-widget-container\">\n\t\t\t\t\t<h2 class=\"elementor-heading-title elementor-size-default\">Wedding photo sessions<\/h2>\t\t\t\t<\/div>\n\t\t\t\t<\/div>\n\t\t\t\t<div class=\"elementor-element elementor-element-9b71c7e elementor-widget elementor-widget-heading\" data-id=\"9b71c7e\" data-element_type=\"widget\" data-e-type=\"widget\" data-widget_type=\"heading.default\">\n\t\t\t\t<div class=\"elementor-widget-container\">\n\t\t\t\t\t<h3 class=\"elementor-heading-title elementor-size-default\">Booking a (really) local photographer<\/h3>\t\t\t\t<\/div>\n\t\t\t\t<\/div>\n\t\t\t\t<div class=\"elementor-element elementor-element-3ce4a78 elementor-widget elementor-widget-text-editor\" data-id=\"3ce4a78\" data-element_type=\"widget\" data-e-type=\"widget\" data-widget_type=\"text-editor.default\">\n\t\t\t\t<div class=\"elementor-widget-container\">\n\t\t\t\t\t\t\t\t\t<p>Ti dicevo che la parte centrale del <strong>Lago di Como<\/strong> ha molte meravigliose localit\u00e0 raggiungibili in tempi relativamente brevi da <strong>Villa Aura del Lago<\/strong>.<\/p><p>Questo \u00e8 in vantaggio anche nel caso voi desideriate avere una <strong>sessione fotografica<\/strong> in alcuni dei caratteristici villaggi della zona.<\/p><p>Io la conosco <strong>alla perfezione<\/strong> e posso <strong>calcolare i tempi<\/strong>, sia quelli di percorrenza che quelli dedicati alla fotografia.<br \/>Sono questi i vantaggi di lavorare con un <strong>fotografo locale<\/strong> che conosce anche le esigenze dei <strong>fornitori locali<\/strong>, come ad esempio i gestori dei taxi boat.<\/p><p>\/\/\/\/\/\/\/<br \/><br \/>I told you that the central part of <strong>Lake Como<\/strong> has many wonderful <strong>sites<\/strong> that can be reached starting from <strong>Villa Aura del Lago<\/strong>.<\/p><p>This is a favorable opportunity if you wish to have a <strong>photo session<\/strong>\u00a0 of one or two hours.<\/p><p>Booking a taxi boat, I can calculate the required time for the desired amount of locations.<br \/>This is part among the advantages of booking a local photographer.<\/p>\t\t\t\t\t\t\t\t<\/div>\n\t\t\t\t<\/div>\n\t\t\t\t<div class=\"elementor-element elementor-element-2dbb921 elementor-widget elementor-widget-image\" data-id=\"2dbb921\" data-element_type=\"widget\" data-e-type=\"widget\" data-widget_type=\"image.default\">\n\t\t\t\t<div class=\"elementor-widget-container\">\n\t\t\t\t\t\t\t\t\t\t\t\t\t\t\t\t<a href=\"https:\/\/www.progettifotografici.com\/wp-content\/uploads\/2020\/08\/graham_095.jpg\" data-elementor-open-lightbox=\"yes\" data-e-action-hash=\"#elementor-action%3Aaction%3Dlightbox%26settings%3DeyJpZCI6NDQ4MDEsInVybCI6Imh0dHBzOlwvXC93d3cucHJvZ2V0dGlmb3RvZ3JhZmljaS5jb21cL3dwLWNvbnRlbnRcL3VwbG9hZHNcLzIwMjBcLzA4XC9iZWxsYWdpby13ZWRkaW5nLXBob3RvZ3JhcGhlci5qcGcifQ%3D%3D\">\n\t\t\t\t\t\t\t<img loading=\"lazy\" decoding=\"async\" width=\"2240\" height=\"1493\" src=\"https:\/\/www.progettifotografici.com\/wp-content\/uploads\/2020\/08\/bellagio-wedding-photographer.jpg\" class=\"attachment-full size-full wp-image-44801\" alt=\"A portrait from a wedding photoshoot at Bellagio, Lake Como\" srcset=\"https:\/\/www.progettifotografici.com\/wp-content\/uploads\/2020\/08\/bellagio-wedding-photographer.jpg 2240w, https:\/\/www.progettifotografici.com\/wp-content\/uploads\/2020\/08\/bellagio-wedding-photographer-1080x720.jpg 1080w, https:\/\/www.progettifotografici.com\/wp-content\/uploads\/2020\/08\/bellagio-wedding-photographer-722x481.jpg 722w, https:\/\/www.progettifotografici.com\/wp-content\/uploads\/2020\/08\/bellagio-wedding-photographer-1536x1024.jpg 1536w, https:\/\/www.progettifotografici.com\/wp-content\/uploads\/2020\/08\/bellagio-wedding-photographer-2048x1365.jpg 2048w\" sizes=\"(max-width: 2240px) 100vw, 2240px\" \/>\t\t\t\t\t\t\t\t<\/a>\n\t\t\t\t\t\t\t\t\t\t\t\t\t\t\t<\/div>\n\t\t\t\t<\/div>\n\t\t\t\t<div class=\"elementor-element elementor-element-883bf17 elementor-widget elementor-widget-gallery\" data-id=\"883bf17\" data-element_type=\"widget\" data-e-type=\"widget\" data-settings=\"{&quot;columns_tablet&quot;:4,&quot;columns_mobile&quot;:2,&quot;gap&quot;:{&quot;unit&quot;:&quot;px&quot;,&quot;size&quot;:6,&quot;sizes&quot;:[]},&quot;gap_tablet&quot;:{&quot;unit&quot;:&quot;px&quot;,&quot;size&quot;:6,&quot;sizes&quot;:[]},&quot;gap_mobile&quot;:{&quot;unit&quot;:&quot;px&quot;,&quot;size&quot;:6,&quot;sizes&quot;:[]},&quot;lazyload&quot;:&quot;yes&quot;,&quot;gallery_layout&quot;:&quot;grid&quot;,&quot;columns&quot;:4,&quot;link_to&quot;:&quot;file&quot;,&quot;aspect_ratio&quot;:&quot;3:2&quot;}\" data-widget_type=\"gallery.default\">\n\t\t\t\t<div class=\"elementor-widget-container\">\n\t\t\t\t\t\t\t<div class=\"elementor-gallery__container\">\n\t\t\t\t\t\t\t<a class=\"e-gallery-item elementor-gallery-item\" href=\"https:\/\/www.progettifotografici.com\/wp-content\/uploads\/2020\/08\/bellagio-wedding-photoshoot.jpg\" data-elementor-open-lightbox=\"yes\" data-elementor-lightbox-slideshow=\"883bf17\" data-e-action-hash=\"#elementor-action%3Aaction%3Dlightbox%26settings%3DeyJpZCI6NDQ3OTksInVybCI6Imh0dHBzOlwvXC93d3cucHJvZ2V0dGlmb3RvZ3JhZmljaS5jb21cL3dwLWNvbnRlbnRcL3VwbG9hZHNcLzIwMjBcLzA4XC9iZWxsYWdpby13ZWRkaW5nLXBob3Rvc2hvb3QuanBnIiwic2xpZGVzaG93IjoiODgzYmYxNyJ9\">\n\t\t\t\t\t<div class=\"e-gallery-image elementor-gallery-item__image\" data-thumbnail=\"https:\/\/www.progettifotografici.com\/wp-content\/uploads\/2020\/08\/bellagio-wedding-photoshoot-722x481.jpg\" data-width=\"722\" data-height=\"481\" aria-label=\"A pose from a wedding photoshoot at Bellagio, Lake Como.\" role=\"img\" ><\/div>\n\t\t\t\t\t\t\t\t\t\t\t\t\t\t<\/a>\n\t\t\t\t\t\t\t<a class=\"e-gallery-item elementor-gallery-item\" href=\"https:\/\/www.progettifotografici.com\/wp-content\/uploads\/2020\/08\/bellagio-fotografo-matrimonio.jpg\" data-elementor-open-lightbox=\"yes\" data-elementor-lightbox-slideshow=\"883bf17\" data-e-action-hash=\"#elementor-action%3Aaction%3Dlightbox%26settings%3DeyJpZCI6NDU2NTEsInVybCI6Imh0dHBzOlwvXC93d3cucHJvZ2V0dGlmb3RvZ3JhZmljaS5jb21cL3dwLWNvbnRlbnRcL3VwbG9hZHNcLzIwMjBcLzA4XC9iZWxsYWdpby1mb3RvZ3JhZm8tbWF0cmltb25pby5qcGciLCJzbGlkZXNob3ciOiI4ODNiZjE3In0%3D\">\n\t\t\t\t\t<div class=\"e-gallery-image elementor-gallery-item__image\" data-thumbnail=\"https:\/\/www.progettifotografici.com\/wp-content\/uploads\/2020\/08\/bellagio-fotografo-matrimonio-722x481.jpg\" data-width=\"722\" data-height=\"481\" aria-label=\"From a wedding photoshoot at Bellagio, Lake Como. An elegant villa with its garden and the lake are in the background.\" role=\"img\" ><\/div>\n\t\t\t\t\t\t\t\t\t\t\t\t\t\t<\/a>\n\t\t\t\t\t\t\t<a class=\"e-gallery-item elementor-gallery-item\" href=\"https:\/\/www.progettifotografici.com\/wp-content\/uploads\/2020\/08\/lake-como-local-photographer.jpg\" data-elementor-open-lightbox=\"yes\" data-elementor-lightbox-slideshow=\"883bf17\" data-e-action-hash=\"#elementor-action%3Aaction%3Dlightbox%26settings%3DeyJpZCI6NDQ4MDcsInVybCI6Imh0dHBzOlwvXC93d3cucHJvZ2V0dGlmb3RvZ3JhZmljaS5jb21cL3dwLWNvbnRlbnRcL3VwbG9hZHNcLzIwMjBcLzA4XC9sYWtlLWNvbW8tbG9jYWwtcGhvdG9ncmFwaGVyLmpwZyIsInNsaWRlc2hvdyI6Ijg4M2JmMTcifQ%3D%3D\">\n\t\t\t\t\t<div class=\"e-gallery-image elementor-gallery-item__image\" data-thumbnail=\"https:\/\/www.progettifotografici.com\/wp-content\/uploads\/2020\/08\/lake-como-local-photographer-722x481.jpg\" data-width=\"722\" data-height=\"481\" aria-label=\"A pose from a wedding photoshoot on Lake Como.\" role=\"img\" ><\/div>\n\t\t\t\t\t\t\t\t\t\t\t\t\t\t<\/a>\n\t\t\t\t\t\t\t<a class=\"e-gallery-item elementor-gallery-item\" href=\"https:\/\/www.progettifotografici.com\/wp-content\/uploads\/2020\/08\/lake-como-secret-corners.jpg\" data-elementor-open-lightbox=\"yes\" data-elementor-lightbox-slideshow=\"883bf17\" data-e-action-hash=\"#elementor-action%3Aaction%3Dlightbox%26settings%3DeyJpZCI6NDQ5MjMsInVybCI6Imh0dHBzOlwvXC93d3cucHJvZ2V0dGlmb3RvZ3JhZmljaS5jb21cL3dwLWNvbnRlbnRcL3VwbG9hZHNcLzIwMjBcLzA4XC9sYWtlLWNvbW8tc2VjcmV0LWNvcm5lcnMuanBnIiwic2xpZGVzaG93IjoiODgzYmYxNyJ9\">\n\t\t\t\t\t<div class=\"e-gallery-image elementor-gallery-item__image\" data-thumbnail=\"https:\/\/www.progettifotografici.com\/wp-content\/uploads\/2020\/08\/lake-como-secret-corners-722x481.jpg\" data-width=\"722\" data-height=\"481\" aria-label=\"Another pose from a wedding photoshoot on Lake Como.\" role=\"img\" ><\/div>\n\t\t\t\t\t\t\t\t\t\t\t\t\t\t<\/a>\n\t\t\t\t\t<\/div>\n\t\t\t\t\t<\/div>\n\t\t\t\t<\/div>\n\t\t\t\t<div class=\"elementor-element elementor-element-8dd2089 elementor-widget-divider--view-line elementor-widget elementor-widget-divider\" data-id=\"8dd2089\" data-element_type=\"widget\" data-e-type=\"widget\" data-widget_type=\"divider.default\">\n\t\t\t\t<div class=\"elementor-widget-container\">\n\t\t\t\t\t\t\t<div class=\"elementor-divider\">\n\t\t\t<span class=\"elementor-divider-separator\">\n\t\t\t\t\t\t<\/span>\n\t\t<\/div>\n\t\t\t\t\t\t<\/div>\n\t\t\t\t<\/div>\n\t\t\t\t<div class=\"elementor-element elementor-element-9702769 elementor-widget elementor-widget-heading\" data-id=\"9702769\" data-element_type=\"widget\" data-e-type=\"widget\" data-widget_type=\"heading.default\">\n\t\t\t\t<div class=\"elementor-widget-container\">\n\t\t\t\t\t<h2 class=\"elementor-heading-title elementor-size-default\">Rainy days<\/h2>\t\t\t\t<\/div>\n\t\t\t\t<\/div>\n\t\t\t\t<div class=\"elementor-element elementor-element-98d3e15 elementor-widget elementor-widget-heading\" data-id=\"98d3e15\" data-element_type=\"widget\" data-e-type=\"widget\" data-widget_type=\"heading.default\">\n\t\t\t\t<div class=\"elementor-widget-container\">\n\t\t\t\t\t<h3 class=\"elementor-heading-title elementor-size-default\">Indoor dinner at the villa<\/h3>\t\t\t\t<\/div>\n\t\t\t\t<\/div>\n\t\t\t\t<div class=\"elementor-element elementor-element-370b967 elementor-widget elementor-widget-text-editor\" data-id=\"370b967\" data-element_type=\"widget\" data-e-type=\"widget\" data-widget_type=\"text-editor.default\">\n\t\t\t\t<div class=\"elementor-widget-container\">\n\t\t\t\t\t\t\t\t\t<p>Come hai potuto vedere la villa si presta benissimo per una cena all&#8217;aperto, ma in caso di tempo incerto o pioggia \u00e8 facile optare per il salone interno, lasciando comunque all&#8217;esterno una parte degli allestimenti protetti dalla tettoia e pronti per uscire nuovamente in caso di cessata pioggia.<br \/>Inoltre, con o senza ombrelli bianchi, all&#8217;ora blu una serie di immagini indimenticabili \u00e8 garantita con qualsiasi tempo.<\/p><p>\/\/\/\/\/\/\/<\/p><p>You know,\u00a0<strong>Villa Aura del Lago<\/strong> is a wonderful\u00a0<strong>location<\/strong> for al fresco dining, but in case of uncertain weather or rain it is really easy to take a last minute decision for the indoor solution.<br \/><br \/>The presence of a large canopy could allow to leave outside a part of the settings. The reception could also continue out again in case of ceased rain.<br \/>In addition, with or without the protection of two white umbrellas, at the blue hour a series of unforgettable images is guaranteed.<\/p>\t\t\t\t\t\t\t\t<\/div>\n\t\t\t\t<\/div>\n\t\t\t\t<div class=\"elementor-element elementor-element-0c3fbef elementor-widget elementor-widget-image\" data-id=\"0c3fbef\" data-element_type=\"widget\" data-e-type=\"widget\" data-widget_type=\"image.default\">\n\t\t\t\t<div class=\"elementor-widget-container\">\n\t\t\t\t\t\t\t\t\t\t\t\t\t\t\t\t<a href=\"https:\/\/www.progettifotografici.com\/wp-content\/uploads\/2020\/01\/merris19__531.jpg\" data-elementor-open-lightbox=\"yes\" data-e-action-hash=\"#elementor-action%3Aaction%3Dlightbox%26settings%3DeyJpZCI6NDU2MDIsInVybCI6Imh0dHBzOlwvXC93d3cucHJvZ2V0dGlmb3RvZ3JhZmljaS5jb21cL3dwLWNvbnRlbnRcL3VwbG9hZHNcLzIwMjBcLzAxXC92aWxsYS1hdXJhLWRlbC1sYWdvLWJsdWUtaG91ci5qcGcifQ%3D%3D\">\n\t\t\t\t\t\t\t<img loading=\"lazy\" decoding=\"async\" width=\"2240\" height=\"1493\" src=\"https:\/\/www.progettifotografici.com\/wp-content\/uploads\/2020\/01\/villa-aura-del-lago-blue-hour.jpg\" class=\"attachment-full size-full wp-image-45602\" alt=\"Romantic pose at the blue hour. The bride and groom are in the corner of the terrace, with Bellagio in the background.\" srcset=\"https:\/\/www.progettifotografici.com\/wp-content\/uploads\/2020\/01\/villa-aura-del-lago-blue-hour.jpg 2240w, https:\/\/www.progettifotografici.com\/wp-content\/uploads\/2020\/01\/villa-aura-del-lago-blue-hour-1080x720.jpg 1080w, https:\/\/www.progettifotografici.com\/wp-content\/uploads\/2020\/01\/villa-aura-del-lago-blue-hour-722x481.jpg 722w, https:\/\/www.progettifotografici.com\/wp-content\/uploads\/2020\/01\/villa-aura-del-lago-blue-hour-1536x1024.jpg 1536w, https:\/\/www.progettifotografici.com\/wp-content\/uploads\/2020\/01\/villa-aura-del-lago-blue-hour-2048x1365.jpg 2048w\" sizes=\"(max-width: 2240px) 100vw, 2240px\" \/>\t\t\t\t\t\t\t\t<\/a>\n\t\t\t\t\t\t\t\t\t\t\t\t\t\t\t<\/div>\n\t\t\t\t<\/div>\n\t\t\t\t<div class=\"elementor-element elementor-element-d2be206 elementor-widget elementor-widget-gallery\" data-id=\"d2be206\" data-element_type=\"widget\" data-e-type=\"widget\" data-settings=\"{&quot;columns_tablet&quot;:4,&quot;columns_mobile&quot;:2,&quot;gap&quot;:{&quot;unit&quot;:&quot;px&quot;,&quot;size&quot;:6,&quot;sizes&quot;:[]},&quot;gap_tablet&quot;:{&quot;unit&quot;:&quot;px&quot;,&quot;size&quot;:6,&quot;sizes&quot;:[]},&quot;gap_mobile&quot;:{&quot;unit&quot;:&quot;px&quot;,&quot;size&quot;:6,&quot;sizes&quot;:[]},&quot;lazyload&quot;:&quot;yes&quot;,&quot;gallery_layout&quot;:&quot;grid&quot;,&quot;columns&quot;:4,&quot;link_to&quot;:&quot;file&quot;,&quot;aspect_ratio&quot;:&quot;3:2&quot;}\" data-widget_type=\"gallery.default\">\n\t\t\t\t<div class=\"elementor-widget-container\">\n\t\t\t\t\t\t\t<div class=\"elementor-gallery__container\">\n\t\t\t\t\t\t\t<a class=\"e-gallery-item elementor-gallery-item\" href=\"https:\/\/www.progettifotografici.com\/wp-content\/uploads\/2020\/01\/lake-como-wedding-rain-wind.jpg\" data-elementor-open-lightbox=\"yes\" data-elementor-lightbox-slideshow=\"d2be206\" data-e-action-hash=\"#elementor-action%3Aaction%3Dlightbox%26settings%3DeyJpZCI6NDU2MDQsInVybCI6Imh0dHBzOlwvXC93d3cucHJvZ2V0dGlmb3RvZ3JhZmljaS5jb21cL3dwLWNvbnRlbnRcL3VwbG9hZHNcLzIwMjBcLzAxXC9sYWtlLWNvbW8td2VkZGluZy1yYWluLXdpbmQuanBnIiwic2xpZGVzaG93IjoiZDJiZTIwNiJ9\">\n\t\t\t\t\t<div class=\"e-gallery-image elementor-gallery-item__image\" data-thumbnail=\"https:\/\/www.progettifotografici.com\/wp-content\/uploads\/2020\/01\/lake-como-wedding-rain-wind-722x481.jpg\" data-width=\"722\" data-height=\"481\" aria-label=\"Bad weather on Lake Como. The bride and groom are on a taxi boat playing with the bridal veil and the wind.\" role=\"img\" ><\/div>\n\t\t\t\t\t\t\t\t\t\t\t\t\t\t<\/a>\n\t\t\t\t\t\t\t<a class=\"e-gallery-item elementor-gallery-item\" href=\"https:\/\/www.progettifotografici.com\/wp-content\/uploads\/2020\/01\/villa-aura-del-lago-ceremony-under-canopy.jpg\" data-elementor-open-lightbox=\"yes\" data-elementor-lightbox-slideshow=\"d2be206\" data-e-action-hash=\"#elementor-action%3Aaction%3Dlightbox%26settings%3DeyJpZCI6NDU2MDYsInVybCI6Imh0dHBzOlwvXC93d3cucHJvZ2V0dGlmb3RvZ3JhZmljaS5jb21cL3dwLWNvbnRlbnRcL3VwbG9hZHNcLzIwMjBcLzAxXC92aWxsYS1hdXJhLWRlbC1sYWdvLWNlcmVtb255LXVuZGVyLWNhbm9weS5qcGciLCJzbGlkZXNob3ciOiJkMmJlMjA2In0%3D\">\n\t\t\t\t\t<div class=\"e-gallery-image elementor-gallery-item__image\" data-thumbnail=\"https:\/\/www.progettifotografici.com\/wp-content\/uploads\/2020\/01\/villa-aura-del-lago-ceremony-under-canopy-722x481.jpg\" data-width=\"722\" data-height=\"481\" aria-label=\"Wedding celebration under the canopy of the villa.\" role=\"img\" ><\/div>\n\t\t\t\t\t\t\t\t\t\t\t\t\t\t<\/a>\n\t\t\t\t\t\t\t<a class=\"e-gallery-item elementor-gallery-item\" href=\"https:\/\/www.progettifotografici.com\/wp-content\/uploads\/2020\/01\/villa-aura-del-lago-postacard-guestbook.jpg\" data-elementor-open-lightbox=\"yes\" data-elementor-lightbox-slideshow=\"d2be206\" data-e-action-hash=\"#elementor-action%3Aaction%3Dlightbox%26settings%3DeyJpZCI6NDU2MDgsInVybCI6Imh0dHBzOlwvXC93d3cucHJvZ2V0dGlmb3RvZ3JhZmljaS5jb21cL3dwLWNvbnRlbnRcL3VwbG9hZHNcLzIwMjBcLzAxXC92aWxsYS1hdXJhLWRlbC1sYWdvLXBvc3RhY2FyZC1ndWVzdGJvb2suanBnIiwic2xpZGVzaG93IjoiZDJiZTIwNiJ9\">\n\t\t\t\t\t<div class=\"e-gallery-image elementor-gallery-item__image\" data-thumbnail=\"https:\/\/www.progettifotografici.com\/wp-content\/uploads\/2020\/01\/villa-aura-del-lago-postacard-guestbook-722x481.jpg\" data-width=\"722\" data-height=\"481\" aria-label=\"Postcard guestbook with vintage objects including a gramophone.\" role=\"img\" ><\/div>\n\t\t\t\t\t\t\t\t\t\t\t\t\t\t<\/a>\n\t\t\t\t\t\t\t<a class=\"e-gallery-item elementor-gallery-item\" href=\"https:\/\/www.progettifotografici.com\/wp-content\/uploads\/2020\/01\/villa-aura-del-lago-wedding-canopy.jpg\" data-elementor-open-lightbox=\"yes\" data-elementor-lightbox-slideshow=\"d2be206\" data-e-action-hash=\"#elementor-action%3Aaction%3Dlightbox%26settings%3DeyJpZCI6NDU2MTEsInVybCI6Imh0dHBzOlwvXC93d3cucHJvZ2V0dGlmb3RvZ3JhZmljaS5jb21cL3dwLWNvbnRlbnRcL3VwbG9hZHNcLzIwMjBcLzAxXC92aWxsYS1hdXJhLWRlbC1sYWdvLXdlZGRpbmctY2Fub3B5LmpwZyIsInNsaWRlc2hvdyI6ImQyYmUyMDYifQ%3D%3D\">\n\t\t\t\t\t<div class=\"e-gallery-image elementor-gallery-item__image\" data-thumbnail=\"https:\/\/www.progettifotografici.com\/wp-content\/uploads\/2020\/01\/villa-aura-del-lago-wedding-canopy-722x481.jpg\" data-width=\"722\" data-height=\"481\" aria-label=\"Bad weather at a wedding, guests are anyway happy under the canopy of the villa.\" role=\"img\" ><\/div>\n\t\t\t\t\t\t\t\t\t\t\t\t\t\t<\/a>\n\t\t\t\t\t<\/div>\n\t\t\t\t\t<\/div>\n\t\t\t\t<\/div>\n\t\t\t\t<div class=\"elementor-element elementor-element-5ca8da9 elementor-widget-divider--view-line elementor-widget elementor-widget-divider\" data-id=\"5ca8da9\" data-element_type=\"widget\" data-e-type=\"widget\" data-widget_type=\"divider.default\">\n\t\t\t\t<div class=\"elementor-widget-container\">\n\t\t\t\t\t\t\t<div class=\"elementor-divider\">\n\t\t\t<span class=\"elementor-divider-separator\">\n\t\t\t\t\t\t<\/span>\n\t\t<\/div>\n\t\t\t\t\t\t<\/div>\n\t\t\t\t<\/div>\n\t\t\t\t<div class=\"elementor-element elementor-element-3149418 elementor-widget elementor-widget-heading\" data-id=\"3149418\" data-element_type=\"widget\" data-e-type=\"widget\" data-widget_type=\"heading.default\">\n\t\t\t\t<div class=\"elementor-widget-container\">\n\t\t\t\t\t<h2 class=\"elementor-heading-title elementor-size-default\">Last but not least<\/h2>\t\t\t\t<\/div>\n\t\t\t\t<\/div>\n\t\t\t\t<div class=\"elementor-element elementor-element-cded8bd elementor-widget elementor-widget-heading\" data-id=\"cded8bd\" data-element_type=\"widget\" data-e-type=\"widget\" data-widget_type=\"heading.default\">\n\t\t\t\t<div class=\"elementor-widget-container\">\n\t\t\t\t\t<h4 class=\"elementor-heading-title elementor-size-default\">Skills from the past<\/h4>\t\t\t\t<\/div>\n\t\t\t\t<\/div>\n\t\t\t\t<div class=\"elementor-element elementor-element-c556e14 elementor-widget elementor-widget-text-editor\" data-id=\"c556e14\" data-element_type=\"widget\" data-e-type=\"widget\" data-widget_type=\"text-editor.default\">\n\t\t\t\t<div class=\"elementor-widget-container\">\n\t\t\t\t\t\t\t\t\t<p>Watch out for <strong>ghosts<\/strong>!<br \/><strong>Historical venues<\/strong> on <strong>Lake Como<\/strong> can have some and, if you notice, the woman portrayed on the wall came down from the frame and joined the party! \ud83d\ude42<\/p>\t\t\t\t\t\t\t\t<\/div>\n\t\t\t\t<\/div>\n\t\t\t\t<div class=\"elementor-element elementor-element-6afca2e elementor-widget elementor-widget-gallery\" data-id=\"6afca2e\" data-element_type=\"widget\" data-e-type=\"widget\" data-settings=\"{&quot;columns_tablet&quot;:4,&quot;columns_mobile&quot;:2,&quot;gap&quot;:{&quot;unit&quot;:&quot;px&quot;,&quot;size&quot;:6,&quot;sizes&quot;:[]},&quot;gap_tablet&quot;:{&quot;unit&quot;:&quot;px&quot;,&quot;size&quot;:6,&quot;sizes&quot;:[]},&quot;gap_mobile&quot;:{&quot;unit&quot;:&quot;px&quot;,&quot;size&quot;:6,&quot;sizes&quot;:[]},&quot;columns&quot;:2,&quot;lazyload&quot;:&quot;yes&quot;,&quot;gallery_layout&quot;:&quot;grid&quot;,&quot;link_to&quot;:&quot;file&quot;,&quot;aspect_ratio&quot;:&quot;3:2&quot;}\" data-widget_type=\"gallery.default\">\n\t\t\t\t<div class=\"elementor-widget-container\">\n\t\t\t\t\t\t\t<div class=\"elementor-gallery__container\">\n\t\t\t\t\t\t\t<a class=\"e-gallery-item elementor-gallery-item\" href=\"https:\/\/www.progettifotografici.com\/wp-content\/uploads\/2020\/08\/ghost-on-lake-como.jpg\" data-elementor-open-lightbox=\"yes\" data-elementor-lightbox-slideshow=\"6afca2e\" data-e-action-hash=\"#elementor-action%3Aaction%3Dlightbox%26settings%3DeyJpZCI6NDQ5OTcsInVybCI6Imh0dHBzOlwvXC93d3cucHJvZ2V0dGlmb3RvZ3JhZmljaS5jb21cL3dwLWNvbnRlbnRcL3VwbG9hZHNcLzIwMjBcLzA4XC9naG9zdC1vbi1sYWtlLWNvbW8uanBnIiwic2xpZGVzaG93IjoiNmFmY2EyZSJ9\">\n\t\t\t\t\t<div class=\"e-gallery-image elementor-gallery-item__image\" data-thumbnail=\"https:\/\/www.progettifotografici.com\/wp-content\/uploads\/2020\/08\/ghost-on-lake-como-722x482.jpg\" data-width=\"722\" data-height=\"482\" aria-label=\"Fake ghosts at Villa Aura del Lago.\" role=\"img\" ><\/div>\n\t\t\t\t\t\t\t\t\t\t\t\t\t\t<\/a>\n\t\t\t\t\t\t\t<a class=\"e-gallery-item elementor-gallery-item\" href=\"https:\/\/www.progettifotografici.com\/wp-content\/uploads\/2020\/08\/ghosts-lake-como.jpg\" data-elementor-open-lightbox=\"yes\" data-elementor-lightbox-slideshow=\"6afca2e\" data-e-action-hash=\"#elementor-action%3Aaction%3Dlightbox%26settings%3DeyJpZCI6NDQ5OTksInVybCI6Imh0dHBzOlwvXC93d3cucHJvZ2V0dGlmb3RvZ3JhZmljaS5jb21cL3dwLWNvbnRlbnRcL3VwbG9hZHNcLzIwMjBcLzA4XC9naG9zdHMtbGFrZS1jb21vLmpwZyIsInNsaWRlc2hvdyI6IjZhZmNhMmUifQ%3D%3D\">\n\t\t\t\t\t<div class=\"e-gallery-image elementor-gallery-item__image\" data-thumbnail=\"https:\/\/www.progettifotografici.com\/wp-content\/uploads\/2020\/08\/ghosts-lake-como-722x482.jpg\" data-width=\"722\" data-height=\"482\" aria-label=\"A guest of this wedding is the sosia of a woman lived in the previous century.\" role=\"img\" ><\/div>\n\t\t\t\t\t\t\t\t\t\t\t\t\t\t<\/a>\n\t\t\t\t\t<\/div>\n\t\t\t\t\t<\/div>\n\t\t\t\t<\/div>\n\t\t\t\t<div class=\"elementor-element elementor-element-3f2e5b4 elementor-widget elementor-widget-spacer\" data-id=\"3f2e5b4\" data-element_type=\"widget\" data-e-type=\"widget\" data-widget_type=\"spacer.default\">\n\t\t\t\t<div class=\"elementor-widget-container\">\n\t\t\t\t\t\t\t<div class=\"elementor-spacer\">\n\t\t\t<div class=\"elementor-spacer-inner\"><\/div>\n\t\t<\/div>\n\t\t\t\t\t\t<\/div>\n\t\t\t\t<\/div>\n\t\t\t\t\t<\/div>\n\t\t<\/div>\n\t\t\t\t\t<\/div>\n\t\t<\/section>\n\t\t\t\t<div class=\"elementor-element elementor-element-00beba8 elementor-widget elementor-widget-gallery\" data-id=\"00beba8\" data-element_type=\"widget\" data-e-type=\"widget\" data-settings=\"{&quot;columns_tablet&quot;:4,&quot;columns_mobile&quot;:2,&quot;gap&quot;:{&quot;unit&quot;:&quot;px&quot;,&quot;size&quot;:6,&quot;sizes&quot;:[]},&quot;gap_mobile&quot;:{&quot;unit&quot;:&quot;px&quot;,&quot;size&quot;:6,&quot;sizes&quot;:[]},&quot;gap_tablet&quot;:{&quot;unit&quot;:&quot;px&quot;,&quot;size&quot;:6,&quot;sizes&quot;:[]},&quot;lazyload&quot;:&quot;yes&quot;,&quot;gallery_layout&quot;:&quot;grid&quot;,&quot;columns&quot;:4,&quot;link_to&quot;:&quot;file&quot;,&quot;aspect_ratio&quot;:&quot;3:2&quot;,&quot;overlay_background&quot;:&quot;yes&quot;}\" data-widget_type=\"gallery.default\">\n\t\t\t\t<div class=\"elementor-widget-container\">\n\t\t\t\t\t\t\t<div class=\"elementor-gallery__container\">\n\t\t\t\t\t<\/div>\n\t\t\t\t\t<\/div>\n\t\t\t\t<\/div>\n\t\t\t\t<div class=\"elementor-element elementor-element-23c1c08 elementor-widget elementor-widget-spacer\" data-id=\"23c1c08\" data-element_type=\"widget\" data-e-type=\"widget\" data-widget_type=\"spacer.default\">\n\t\t\t\t<div class=\"elementor-widget-container\">\n\t\t\t\t\t\t\t<div class=\"elementor-spacer\">\n\t\t\t<div class=\"elementor-spacer-inner\"><\/div>\n\t\t<\/div>\n\t\t\t\t\t\t<\/div>\n\t\t\t\t<\/div>\n\t\t\t\t\t<\/div>\n\t\t<\/div>\n\t\t\t\t\t<\/div>\n\t\t<\/section>\n\t\t\t\t<\/div>\n\t\t","protected":false},"excerpt":{"rendered":"<p>MATRIMONIO A VILLA AURA DEL LAGO FROM THE OWNER\u2019S WEDDING In the classic wedding photojournalism style We decided to celebrate our wedding in our native region, in the wonderful location called Corte del Lago, and we selected the best professional able to capture the most significant moments while at the same time valuing all the [&hellip;]<\/p>\n","protected":false},"author":1,"featured_media":43445,"comment_status":"closed","ping_status":"open","sticky":false,"template":"","format":"standard","meta":{"footnotes":""},"categories":[69],"tags":[],"class_list":["post-50770","post","type-post","status-publish","format-standard","has-post-thumbnail","hentry","category-fotografo-di-matrimonio-lago-di-como"],"yoast_head":"<!-- This site is optimized with the Yoast SEO plugin v27.5 - https:\/\/yoast.com\/product\/yoast-seo-wordpress\/ -->\n<title>MATRIMONIO A VILLA AURA DEL LAGO - Lake Como Photographer | Venice Photographer - Luca Rajna<\/title>\n<meta name=\"robots\" content=\"index, follow, max-snippet:-1, max-image-preview:large, max-video-preview:-1\" \/>\n<link rel=\"canonical\" href=\"https:\/\/www.progettifotografici.com\/it\/matrimonio-a-villa-aura-del-lago\/\" \/>\n<meta property=\"og:locale\" content=\"it_IT\" \/>\n<meta property=\"og:type\" content=\"article\" \/>\n<meta property=\"og:title\" content=\"MATRIMONIO A VILLA AURA DEL LAGO - Lake Como Photographer | Venice Photographer - Luca Rajna\" \/>\n<meta property=\"og:description\" content=\"MATRIMONIO A VILLA AURA DEL LAGO FROM THE OWNER\u2019S WEDDING In the classic wedding photojournalism style We decided to celebrate our wedding in our native region, in the wonderful location called Corte del Lago, and we selected the best professional able to capture the most significant moments while at the same time valuing all the [&hellip;]\" \/>\n<meta property=\"og:url\" content=\"https:\/\/www.progettifotografici.com\/it\/matrimonio-a-villa-aura-del-lago\/\" \/>\n<meta property=\"og:site_name\" content=\"Lake Como Photographer | Venice Photographer\" \/>\n<meta property=\"article:publisher\" content=\"https:\/\/www.facebook.com\/LucaRajnaProgettiFotografici\/\" \/>\n<meta property=\"article:published_time\" content=\"2021-06-18T09:59:26+00:00\" \/>\n<meta property=\"article:modified_time\" content=\"2023-04-13T10:47:23+00:00\" \/>\n<meta property=\"og:image\" content=\"https:\/\/www.progettifotografici.com\/wp-content\/uploads\/2020\/08\/villa-aura-del-lago-wedding__280.jpg\" \/>\n\t<meta property=\"og:image:width\" content=\"2240\" \/>\n\t<meta property=\"og:image:height\" content=\"1493\" \/>\n\t<meta property=\"og:image:type\" content=\"image\/jpeg\" \/>\n<meta name=\"author\" content=\"lucarajna\" \/>\n<meta name=\"twitter:card\" content=\"summary_large_image\" \/>\n<meta name=\"twitter:label1\" content=\"Scritto da\" \/>\n\t<meta name=\"twitter:data1\" content=\"lucarajna\" \/>\n\t<meta name=\"twitter:label2\" content=\"Tempo di lettura stimato\" \/>\n\t<meta name=\"twitter:data2\" content=\"13 minuti\" \/>\n<script type=\"application\/ld+json\" class=\"yoast-schema-graph\">{\"@context\":\"https:\\\/\\\/schema.org\",\"@graph\":[{\"@type\":\"Article\",\"@id\":\"https:\\\/\\\/www.progettifotografici.com\\\/it\\\/matrimonio-a-villa-aura-del-lago\\\/#article\",\"isPartOf\":{\"@id\":\"https:\\\/\\\/www.progettifotografici.com\\\/it\\\/matrimonio-a-villa-aura-del-lago\\\/\"},\"author\":{\"name\":\"lucarajna\",\"@id\":\"https:\\\/\\\/www.progettifotografici.com\\\/#\\\/schema\\\/person\\\/a3143bf4457e571c13ebda48400cce5b\"},\"headline\":\"MATRIMONIO A VILLA AURA DEL LAGO\",\"datePublished\":\"2021-06-18T09:59:26+00:00\",\"dateModified\":\"2023-04-13T10:47:23+00:00\",\"mainEntityOfPage\":{\"@id\":\"https:\\\/\\\/www.progettifotografici.com\\\/it\\\/matrimonio-a-villa-aura-del-lago\\\/\"},\"wordCount\":1399,\"publisher\":{\"@id\":\"https:\\\/\\\/www.progettifotografici.com\\\/#organization\"},\"image\":{\"@id\":\"https:\\\/\\\/www.progettifotografici.com\\\/it\\\/matrimonio-a-villa-aura-del-lago\\\/#primaryimage\"},\"thumbnailUrl\":\"https:\\\/\\\/www.progettifotografici.com\\\/wp-content\\\/uploads\\\/2020\\\/08\\\/villa-aura-del-lago-wedding__280.jpg\",\"articleSection\":[\"Fotografo di matrimonio Lago di Como\"],\"inLanguage\":\"it-IT\"},{\"@type\":\"WebPage\",\"@id\":\"https:\\\/\\\/www.progettifotografici.com\\\/it\\\/matrimonio-a-villa-aura-del-lago\\\/\",\"url\":\"https:\\\/\\\/www.progettifotografici.com\\\/it\\\/matrimonio-a-villa-aura-del-lago\\\/\",\"name\":\"MATRIMONIO A VILLA AURA DEL LAGO - Lake Como Photographer | Venice Photographer - Luca Rajna\",\"isPartOf\":{\"@id\":\"https:\\\/\\\/www.progettifotografici.com\\\/#website\"},\"primaryImageOfPage\":{\"@id\":\"https:\\\/\\\/www.progettifotografici.com\\\/it\\\/matrimonio-a-villa-aura-del-lago\\\/#primaryimage\"},\"image\":{\"@id\":\"https:\\\/\\\/www.progettifotografici.com\\\/it\\\/matrimonio-a-villa-aura-del-lago\\\/#primaryimage\"},\"thumbnailUrl\":\"https:\\\/\\\/www.progettifotografici.com\\\/wp-content\\\/uploads\\\/2020\\\/08\\\/villa-aura-del-lago-wedding__280.jpg\",\"datePublished\":\"2021-06-18T09:59:26+00:00\",\"dateModified\":\"2023-04-13T10:47:23+00:00\",\"breadcrumb\":{\"@id\":\"https:\\\/\\\/www.progettifotografici.com\\\/it\\\/matrimonio-a-villa-aura-del-lago\\\/#breadcrumb\"},\"inLanguage\":\"it-IT\",\"potentialAction\":[{\"@type\":\"ReadAction\",\"target\":[\"https:\\\/\\\/www.progettifotografici.com\\\/it\\\/matrimonio-a-villa-aura-del-lago\\\/\"]}]},{\"@type\":\"ImageObject\",\"inLanguage\":\"it-IT\",\"@id\":\"https:\\\/\\\/www.progettifotografici.com\\\/it\\\/matrimonio-a-villa-aura-del-lago\\\/#primaryimage\",\"url\":\"https:\\\/\\\/www.progettifotografici.com\\\/wp-content\\\/uploads\\\/2020\\\/08\\\/villa-aura-del-lago-wedding__280.jpg\",\"contentUrl\":\"https:\\\/\\\/www.progettifotografici.com\\\/wp-content\\\/uploads\\\/2020\\\/08\\\/villa-aura-del-lago-wedding__280.jpg\",\"width\":2240,\"height\":1493,\"caption\":\"Coppia di sposi sulla balconata di Villa Aura del Lago.\"},{\"@type\":\"BreadcrumbList\",\"@id\":\"https:\\\/\\\/www.progettifotografici.com\\\/it\\\/matrimonio-a-villa-aura-del-lago\\\/#breadcrumb\",\"itemListElement\":[{\"@type\":\"ListItem\",\"position\":1,\"name\":\"Home\",\"item\":\"https:\\\/\\\/www.progettifotografici.com\\\/\"},{\"@type\":\"ListItem\",\"position\":2,\"name\":\"MATRIMONIO A VILLA AURA DEL LAGO\"}]},{\"@type\":\"WebSite\",\"@id\":\"https:\\\/\\\/www.progettifotografici.com\\\/#website\",\"url\":\"https:\\\/\\\/www.progettifotografici.com\\\/\",\"name\":\"Lake Como Photographer | Venice Photographer\",\"description\":\"Wedding and Photoshoot Photographer\",\"publisher\":{\"@id\":\"https:\\\/\\\/www.progettifotografici.com\\\/#organization\"},\"potentialAction\":[{\"@type\":\"SearchAction\",\"target\":{\"@type\":\"EntryPoint\",\"urlTemplate\":\"https:\\\/\\\/www.progettifotografici.com\\\/?s={search_term_string}\"},\"query-input\":{\"@type\":\"PropertyValueSpecification\",\"valueRequired\":true,\"valueName\":\"search_term_string\"}}],\"inLanguage\":\"it-IT\"},{\"@type\":\"Organization\",\"@id\":\"https:\\\/\\\/www.progettifotografici.com\\\/#organization\",\"name\":\"Luca Rajna Progetti Fotografici\",\"url\":\"https:\\\/\\\/www.progettifotografici.com\\\/\",\"logo\":{\"@type\":\"ImageObject\",\"inLanguage\":\"it-IT\",\"@id\":\"https:\\\/\\\/www.progettifotografici.com\\\/#\\\/schema\\\/logo\\\/image\\\/\",\"url\":\"https:\\\/\\\/www.progettifotografici.com\\\/wp-content\\\/uploads\\\/2020\\\/06\\\/luca-rajna-progetti-fotografici-brand-logo.jpg\",\"contentUrl\":\"https:\\\/\\\/www.progettifotografici.com\\\/wp-content\\\/uploads\\\/2020\\\/06\\\/luca-rajna-progetti-fotografici-brand-logo.jpg\",\"width\":800,\"height\":498,\"caption\":\"Luca Rajna Progetti Fotografici\"},\"image\":{\"@id\":\"https:\\\/\\\/www.progettifotografici.com\\\/#\\\/schema\\\/logo\\\/image\\\/\"},\"sameAs\":[\"https:\\\/\\\/www.facebook.com\\\/LucaRajnaProgettiFotografici\\\/\",\"https:\\\/\\\/www.instagram.com\\\/luca.rajna\\\/\",\"https:\\\/\\\/www.linkedin.com\\\/in\\\/luca-rajna-53aa8629\\\/\",\"https:\\\/\\\/it.pinterest.com\\\/lucarajna\\\/\"]},{\"@type\":\"Person\",\"@id\":\"https:\\\/\\\/www.progettifotografici.com\\\/#\\\/schema\\\/person\\\/a3143bf4457e571c13ebda48400cce5b\",\"name\":\"lucarajna\",\"description\":\"Destination wedding photographer form Italy. I'm based on Lake Como and Venice.\",\"sameAs\":[\"https:\\\/\\\/www.progettifotografici.com\"]}]}<\/script>\n<!-- \/ Yoast SEO plugin. -->","yoast_head_json":{"title":"MATRIMONIO A VILLA AURA DEL LAGO - Lake Como Photographer | Venice Photographer - Luca Rajna","robots":{"index":"index","follow":"follow","max-snippet":"max-snippet:-1","max-image-preview":"max-image-preview:large","max-video-preview":"max-video-preview:-1"},"canonical":"https:\/\/www.progettifotografici.com\/it\/matrimonio-a-villa-aura-del-lago\/","og_locale":"it_IT","og_type":"article","og_title":"MATRIMONIO A VILLA AURA DEL LAGO - Lake Como Photographer | Venice Photographer - Luca Rajna","og_description":"MATRIMONIO A VILLA AURA DEL LAGO FROM THE OWNER\u2019S WEDDING In the classic wedding photojournalism style We decided to celebrate our wedding in our native region, in the wonderful location called Corte del Lago, and we selected the best professional able to capture the most significant moments while at the same time valuing all the [&hellip;]","og_url":"https:\/\/www.progettifotografici.com\/it\/matrimonio-a-villa-aura-del-lago\/","og_site_name":"Lake Como Photographer | Venice Photographer","article_publisher":"https:\/\/www.facebook.com\/LucaRajnaProgettiFotografici\/","article_published_time":"2021-06-18T09:59:26+00:00","article_modified_time":"2023-04-13T10:47:23+00:00","og_image":[{"width":2240,"height":1493,"url":"https:\/\/www.progettifotografici.com\/wp-content\/uploads\/2020\/08\/villa-aura-del-lago-wedding__280.jpg","type":"image\/jpeg"}],"author":"lucarajna","twitter_card":"summary_large_image","twitter_misc":{"Scritto da":"lucarajna","Tempo di lettura stimato":"13 minuti"},"schema":{"@context":"https:\/\/schema.org","@graph":[{"@type":"Article","@id":"https:\/\/www.progettifotografici.com\/it\/matrimonio-a-villa-aura-del-lago\/#article","isPartOf":{"@id":"https:\/\/www.progettifotografici.com\/it\/matrimonio-a-villa-aura-del-lago\/"},"author":{"name":"lucarajna","@id":"https:\/\/www.progettifotografici.com\/#\/schema\/person\/a3143bf4457e571c13ebda48400cce5b"},"headline":"MATRIMONIO A VILLA AURA DEL LAGO","datePublished":"2021-06-18T09:59:26+00:00","dateModified":"2023-04-13T10:47:23+00:00","mainEntityOfPage":{"@id":"https:\/\/www.progettifotografici.com\/it\/matrimonio-a-villa-aura-del-lago\/"},"wordCount":1399,"publisher":{"@id":"https:\/\/www.progettifotografici.com\/#organization"},"image":{"@id":"https:\/\/www.progettifotografici.com\/it\/matrimonio-a-villa-aura-del-lago\/#primaryimage"},"thumbnailUrl":"https:\/\/www.progettifotografici.com\/wp-content\/uploads\/2020\/08\/villa-aura-del-lago-wedding__280.jpg","articleSection":["Fotografo di matrimonio Lago di Como"],"inLanguage":"it-IT"},{"@type":"WebPage","@id":"https:\/\/www.progettifotografici.com\/it\/matrimonio-a-villa-aura-del-lago\/","url":"https:\/\/www.progettifotografici.com\/it\/matrimonio-a-villa-aura-del-lago\/","name":"MATRIMONIO A VILLA AURA DEL LAGO - Lake Como Photographer | Venice Photographer - Luca Rajna","isPartOf":{"@id":"https:\/\/www.progettifotografici.com\/#website"},"primaryImageOfPage":{"@id":"https:\/\/www.progettifotografici.com\/it\/matrimonio-a-villa-aura-del-lago\/#primaryimage"},"image":{"@id":"https:\/\/www.progettifotografici.com\/it\/matrimonio-a-villa-aura-del-lago\/#primaryimage"},"thumbnailUrl":"https:\/\/www.progettifotografici.com\/wp-content\/uploads\/2020\/08\/villa-aura-del-lago-wedding__280.jpg","datePublished":"2021-06-18T09:59:26+00:00","dateModified":"2023-04-13T10:47:23+00:00","breadcrumb":{"@id":"https:\/\/www.progettifotografici.com\/it\/matrimonio-a-villa-aura-del-lago\/#breadcrumb"},"inLanguage":"it-IT","potentialAction":[{"@type":"ReadAction","target":["https:\/\/www.progettifotografici.com\/it\/matrimonio-a-villa-aura-del-lago\/"]}]},{"@type":"ImageObject","inLanguage":"it-IT","@id":"https:\/\/www.progettifotografici.com\/it\/matrimonio-a-villa-aura-del-lago\/#primaryimage","url":"https:\/\/www.progettifotografici.com\/wp-content\/uploads\/2020\/08\/villa-aura-del-lago-wedding__280.jpg","contentUrl":"https:\/\/www.progettifotografici.com\/wp-content\/uploads\/2020\/08\/villa-aura-del-lago-wedding__280.jpg","width":2240,"height":1493,"caption":"Coppia di sposi sulla balconata di Villa Aura del Lago."},{"@type":"BreadcrumbList","@id":"https:\/\/www.progettifotografici.com\/it\/matrimonio-a-villa-aura-del-lago\/#breadcrumb","itemListElement":[{"@type":"ListItem","position":1,"name":"Home","item":"https:\/\/www.progettifotografici.com\/"},{"@type":"ListItem","position":2,"name":"MATRIMONIO A VILLA AURA DEL LAGO"}]},{"@type":"WebSite","@id":"https:\/\/www.progettifotografici.com\/#website","url":"https:\/\/www.progettifotografici.com\/","name":"Lake Como Photographer | Venice Photographer","description":"Wedding and Photoshoot Photographer","publisher":{"@id":"https:\/\/www.progettifotografici.com\/#organization"},"potentialAction":[{"@type":"SearchAction","target":{"@type":"EntryPoint","urlTemplate":"https:\/\/www.progettifotografici.com\/?s={search_term_string}"},"query-input":{"@type":"PropertyValueSpecification","valueRequired":true,"valueName":"search_term_string"}}],"inLanguage":"it-IT"},{"@type":"Organization","@id":"https:\/\/www.progettifotografici.com\/#organization","name":"Luca Rajna Progetti Fotografici","url":"https:\/\/www.progettifotografici.com\/","logo":{"@type":"ImageObject","inLanguage":"it-IT","@id":"https:\/\/www.progettifotografici.com\/#\/schema\/logo\/image\/","url":"https:\/\/www.progettifotografici.com\/wp-content\/uploads\/2020\/06\/luca-rajna-progetti-fotografici-brand-logo.jpg","contentUrl":"https:\/\/www.progettifotografici.com\/wp-content\/uploads\/2020\/06\/luca-rajna-progetti-fotografici-brand-logo.jpg","width":800,"height":498,"caption":"Luca Rajna Progetti Fotografici"},"image":{"@id":"https:\/\/www.progettifotografici.com\/#\/schema\/logo\/image\/"},"sameAs":["https:\/\/www.facebook.com\/LucaRajnaProgettiFotografici\/","https:\/\/www.instagram.com\/luca.rajna\/","https:\/\/www.linkedin.com\/in\/luca-rajna-53aa8629\/","https:\/\/it.pinterest.com\/lucarajna\/"]},{"@type":"Person","@id":"https:\/\/www.progettifotografici.com\/#\/schema\/person\/a3143bf4457e571c13ebda48400cce5b","name":"lucarajna","description":"Destination wedding photographer form Italy. I'm based on Lake Como and Venice.","sameAs":["https:\/\/www.progettifotografici.com"]}]}},"_links":{"self":[{"href":"https:\/\/www.progettifotografici.com\/it\/wp-json\/wp\/v2\/posts\/50770","targetHints":{"allow":["GET"]}}],"collection":[{"href":"https:\/\/www.progettifotografici.com\/it\/wp-json\/wp\/v2\/posts"}],"about":[{"href":"https:\/\/www.progettifotografici.com\/it\/wp-json\/wp\/v2\/types\/post"}],"author":[{"embeddable":true,"href":"https:\/\/www.progettifotografici.com\/it\/wp-json\/wp\/v2\/users\/1"}],"replies":[{"embeddable":true,"href":"https:\/\/www.progettifotografici.com\/it\/wp-json\/wp\/v2\/comments?post=50770"}],"version-history":[{"count":14,"href":"https:\/\/www.progettifotografici.com\/it\/wp-json\/wp\/v2\/posts\/50770\/revisions"}],"predecessor-version":[{"id":62723,"href":"https:\/\/www.progettifotografici.com\/it\/wp-json\/wp\/v2\/posts\/50770\/revisions\/62723"}],"wp:featuredmedia":[{"embeddable":true,"href":"https:\/\/www.progettifotografici.com\/it\/wp-json\/wp\/v2\/media\/43445"}],"wp:attachment":[{"href":"https:\/\/www.progettifotografici.com\/it\/wp-json\/wp\/v2\/media?parent=50770"}],"wp:term":[{"taxonomy":"category","embeddable":true,"href":"https:\/\/www.progettifotografici.com\/it\/wp-json\/wp\/v2\/categories?post=50770"},{"taxonomy":"post_tag","embeddable":true,"href":"https:\/\/www.progettifotografici.com\/it\/wp-json\/wp\/v2\/tags?post=50770"}],"curies":[{"name":"wp","href":"https:\/\/api.w.org\/{rel}","templated":true}]}}